{"id":15164,"date":"2023-06-06T13:56:39","date_gmt":"2023-06-06T11:56:39","guid":{"rendered":"https:\/\/javierzarzalejos.eu\/?p=15164"},"modified":"2023-06-13T13:57:47","modified_gmt":"2023-06-13T11:57:47","slug":"presentation-of-the-book-una-pica-en-flandes-la-huella-de-espana-en-la-union-europea-by-javier-elorza","status":"publish","type":"post","link":"https:\/\/javierzarzalejos.eu\/en\/2023\/06\/06\/presentation-of-the-book-una-pica-en-flandes-la-huella-de-espana-en-la-union-europea-by-javier-elorza\/","title":{"rendered":"PRESENTATION OF THE BOOK &#8216;UNA PICA EN FLANDES. LA HUELLA DE ESPA\u00d1A EN LA UNI\u00d3N EUROPEA&#8217;, BY JAVIER ELORZA"},"content":{"rendered":"<p><img loading=\"lazy\" decoding=\"async\" class=\"alignnone size-full wp-image-15161\" src=\"https:\/\/javierzarzalejos.eu\/wp-content\/uploads\/2023\/06\/LIBRO-UNA-PICA-EN-FLANDES.jpg\" alt=\"\" width=\"1024\" height=\"596\" srcset=\"https:\/\/javierzarzalejos.eu\/wp-content\/uploads\/2023\/06\/LIBRO-UNA-PICA-EN-FLANDES.jpg 1024w, https:\/\/javierzarzalejos.eu\/wp-content\/uploads\/2023\/06\/LIBRO-UNA-PICA-EN-FLANDES-300x175.jpg 300w, https:\/\/javierzarzalejos.eu\/wp-content\/uploads\/2023\/06\/LIBRO-UNA-PICA-EN-FLANDES-768x447.jpg 768w, https:\/\/javierzarzalejos.eu\/wp-content\/uploads\/2023\/06\/LIBRO-UNA-PICA-EN-FLANDES-800x466.jpg 800w\" sizes=\"auto, (max-width: 1024px) 100vw, 1024px\" \/><\/p>\n<p>On June 6 took place in Brussels the presentation of the book &#8220;Una pica en Flandes. La huella de Espa\u00f1a en la Uni\u00f3n Europea&#8221; (Editorial Debate), written by Ambassador Javier Elorza, and attended by MEP Javier Zarzalejos.<\/p>\n<p>During the event, a colloquium was held on the long and complex process of negotiating Spain&#8217;s entry into the European Union, with the participation of Javier Elorza and the Spanish Ambassador to Belgium, Alberto Ant\u00f3n. The event was also attended by the Director General of Legal Affairs of the European Commission, Daniel Calleja, and the former director, Luis Romero.<\/p>\n<p>In this book, the author guides us through the more unknown side of European politics. A career diplomat and civil servant, this personal chronicle of his journey from 1986 to 2004 as a member of the permanent representation of Spain in Europe, where he held the main positions, shows the European Union from the inside, with power struggles, weak balances of power, variable pacts, secret agreements and national interests as the real protagonists, sometimes in a stark and brutal way.<\/p>\n<p>In this unprecedented and privileged vision, Elorza opens the doors of the offices and the backrooms of the community institutions, and unravels the role that Spain has played in Europe since its accession in 1986, as well as the economic and social impulse that this has meant for our country. From the hand of Felipe Gonz\u00e1lez or Jos\u00e9 Mar\u00eda Aznar, it relates in a pleasant and direct way the ins and outs of the arduous and exhausting negotiations that in Maastricht, Amsterdam, Nice or Lisbon always resulted in more prominence and integration of Spain in the Union.<\/p>\n","protected":false},"excerpt":{"rendered":"<p>On June 6 took place in Brussels the presentation of the book &#8220;Una pica en Flandes. La huella de Espa\u00f1a en la Uni\u00f3n Europea&#8221; (Editorial Debate), written by Ambassador Javier Elorza, and attended by MEP Javier Zarzalejos. During the event, a colloquium was held on the long and complex process of negotiating Spain&#8217;s entry into&hellip;<\/p>\n","protected":false},"author":1,"featured_media":0,"comment_status":"closed","ping_status":"closed","sticky":false,"template":"","format":"standard","meta":{"inline_featured_image":false,"_monsterinsights_skip_tracking":false,"_monsterinsights_sitenote_active":false,"_monsterinsights_sitenote_note":"","_monsterinsights_sitenote_category":0,"_vp_format_video_url":"","_vp_image_focal_point":[],"footnotes":""},"categories":[14],"tags":[],"class_list":["post-15164","post","type-post","status-publish","format-standard","hentry","category-events"],"yoast_head":"<!-- This site is optimized with the Yoast SEO plugin v27.1.1 - https:\/\/yoast.com\/product\/yoast-seo-wordpress\/ -->\n<title>PRESENTATION OF THE BOOK &#039;UNA PICA EN FLANDES. LA HUELLA DE ESPA\u00d1A EN LA UNI\u00d3N EUROPEA&#039;, BY JAVIER ELORZA - P\u00e1gina oficial de Javier zarzalejos<\/title>\n<meta name=\"robots\" content=\"index, follow, max-snippet:-1, max-image-preview:large, max-video-preview:-1\" \/>\n<link rel=\"canonical\" href=\"https:\/\/javierzarzalejos.eu\/en\/2023\/06\/06\/presentation-of-the-book-una-pica-en-flandes-la-huella-de-espana-en-la-union-europea-by-javier-elorza\/\" \/>\n<meta property=\"og:locale\" content=\"en_US\" \/>\n<meta property=\"og:type\" content=\"article\" \/>\n<meta property=\"og:title\" content=\"PRESENTATION OF THE BOOK &#039;UNA PICA EN FLANDES. LA HUELLA DE ESPA\u00d1A EN LA UNI\u00d3N EUROPEA&#039;, BY JAVIER ELORZA - P\u00e1gina oficial de Javier zarzalejos\" \/>\n<meta property=\"og:description\" content=\"On June 6 took place in Brussels the presentation of the book &#8220;Una pica en Flandes. La huella de Espa\u00f1a en la Uni\u00f3n Europea&#8221; (Editorial Debate), written by Ambassador Javier Elorza, and attended by MEP Javier Zarzalejos. During the event, a colloquium was held on the long and complex process of negotiating Spain&#8217;s entry into&hellip;\" \/>\n<meta property=\"og:url\" content=\"https:\/\/javierzarzalejos.eu\/en\/2023\/06\/06\/presentation-of-the-book-una-pica-en-flandes-la-huella-de-espana-en-la-union-europea-by-javier-elorza\/\" \/>\n<meta property=\"og:site_name\" content=\"P\u00e1gina oficial de Javier zarzalejos\" \/>\n<meta property=\"article:published_time\" content=\"2023-06-06T11:56:39+00:00\" \/>\n<meta property=\"article:modified_time\" content=\"2023-06-13T11:57:47+00:00\" \/>\n<meta property=\"og:image\" content=\"https:\/\/javierzarzalejos.eu\/wp-content\/uploads\/2023\/06\/LIBRO-UNA-PICA-EN-FLANDES.jpg\" \/>\n<meta name=\"author\" content=\"Best Marketing\" \/>\n<meta name=\"twitter:card\" content=\"summary_large_image\" \/>\n<meta name=\"twitter:label1\" content=\"Written by\" \/>\n\t<meta name=\"twitter:data1\" content=\"Best Marketing\" \/>\n\t<meta name=\"twitter:label2\" content=\"Est. reading time\" \/>\n\t<meta name=\"twitter:data2\" content=\"2 minutes\" \/>\n<script type=\"application\/ld+json\" class=\"yoast-schema-graph\">{\"@context\":\"https:\/\/schema.org\",\"@graph\":[{\"@type\":\"Article\",\"@id\":\"https:\/\/javierzarzalejos.eu\/en\/2023\/06\/06\/presentation-of-the-book-una-pica-en-flandes-la-huella-de-espana-en-la-union-europea-by-javier-elorza\/#article\",\"isPartOf\":{\"@id\":\"https:\/\/javierzarzalejos.eu\/en\/2023\/06\/06\/presentation-of-the-book-una-pica-en-flandes-la-huella-de-espana-en-la-union-europea-by-javier-elorza\/\"},\"author\":{\"name\":\"Best Marketing\",\"@id\":\"https:\/\/javierzarzalejos.eu\/#\/schema\/person\/13ce5858bfa202c31d5c5e1e24ad9cb8\"},\"headline\":\"PRESENTATION OF THE BOOK &#8216;UNA PICA EN FLANDES. LA HUELLA DE ESPA\u00d1A EN LA UNI\u00d3N EUROPEA&#8217;, BY JAVIER ELORZA\",\"datePublished\":\"2023-06-06T11:56:39+00:00\",\"dateModified\":\"2023-06-13T11:57:47+00:00\",\"mainEntityOfPage\":{\"@id\":\"https:\/\/javierzarzalejos.eu\/en\/2023\/06\/06\/presentation-of-the-book-una-pica-en-flandes-la-huella-de-espana-en-la-union-europea-by-javier-elorza\/\"},\"wordCount\":296,\"image\":{\"@id\":\"https:\/\/javierzarzalejos.eu\/en\/2023\/06\/06\/presentation-of-the-book-una-pica-en-flandes-la-huella-de-espana-en-la-union-europea-by-javier-elorza\/#primaryimage\"},\"thumbnailUrl\":\"https:\/\/javierzarzalejos.eu\/wp-content\/uploads\/2023\/06\/LIBRO-UNA-PICA-EN-FLANDES.jpg\",\"articleSection\":[\"Events\"],\"inLanguage\":\"en-US\"},{\"@type\":\"WebPage\",\"@id\":\"https:\/\/javierzarzalejos.eu\/en\/2023\/06\/06\/presentation-of-the-book-una-pica-en-flandes-la-huella-de-espana-en-la-union-europea-by-javier-elorza\/\",\"url\":\"https:\/\/javierzarzalejos.eu\/en\/2023\/06\/06\/presentation-of-the-book-una-pica-en-flandes-la-huella-de-espana-en-la-union-europea-by-javier-elorza\/\",\"name\":\"PRESENTATION OF THE BOOK 'UNA PICA EN FLANDES. LA HUELLA DE ESPA\u00d1A EN LA UNI\u00d3N EUROPEA', BY JAVIER ELORZA - P\u00e1gina oficial de Javier zarzalejos\",\"isPartOf\":{\"@id\":\"https:\/\/javierzarzalejos.eu\/#website\"},\"primaryImageOfPage\":{\"@id\":\"https:\/\/javierzarzalejos.eu\/en\/2023\/06\/06\/presentation-of-the-book-una-pica-en-flandes-la-huella-de-espana-en-la-union-europea-by-javier-elorza\/#primaryimage\"},\"image\":{\"@id\":\"https:\/\/javierzarzalejos.eu\/en\/2023\/06\/06\/presentation-of-the-book-una-pica-en-flandes-la-huella-de-espana-en-la-union-europea-by-javier-elorza\/#primaryimage\"},\"thumbnailUrl\":\"https:\/\/javierzarzalejos.eu\/wp-content\/uploads\/2023\/06\/LIBRO-UNA-PICA-EN-FLANDES.jpg\",\"datePublished\":\"2023-06-06T11:56:39+00:00\",\"dateModified\":\"2023-06-13T11:57:47+00:00\",\"author\":{\"@id\":\"https:\/\/javierzarzalejos.eu\/#\/schema\/person\/13ce5858bfa202c31d5c5e1e24ad9cb8\"},\"breadcrumb\":{\"@id\":\"https:\/\/javierzarzalejos.eu\/en\/2023\/06\/06\/presentation-of-the-book-una-pica-en-flandes-la-huella-de-espana-en-la-union-europea-by-javier-elorza\/#breadcrumb\"},\"inLanguage\":\"en-US\",\"potentialAction\":[{\"@type\":\"ReadAction\",\"target\":[\"https:\/\/javierzarzalejos.eu\/en\/2023\/06\/06\/presentation-of-the-book-una-pica-en-flandes-la-huella-de-espana-en-la-union-europea-by-javier-elorza\/\"]}]},{\"@type\":\"ImageObject\",\"inLanguage\":\"en-US\",\"@id\":\"https:\/\/javierzarzalejos.eu\/en\/2023\/06\/06\/presentation-of-the-book-una-pica-en-flandes-la-huella-de-espana-en-la-union-europea-by-javier-elorza\/#primaryimage\",\"url\":\"https:\/\/javierzarzalejos.eu\/wp-content\/uploads\/2023\/06\/LIBRO-UNA-PICA-EN-FLANDES.jpg\",\"contentUrl\":\"https:\/\/javierzarzalejos.eu\/wp-content\/uploads\/2023\/06\/LIBRO-UNA-PICA-EN-FLANDES.jpg\"},{\"@type\":\"BreadcrumbList\",\"@id\":\"https:\/\/javierzarzalejos.eu\/en\/2023\/06\/06\/presentation-of-the-book-una-pica-en-flandes-la-huella-de-espana-en-la-union-europea-by-javier-elorza\/#breadcrumb\",\"itemListElement\":[{\"@type\":\"ListItem\",\"position\":1,\"name\":\"Portada\",\"item\":\"https:\/\/javierzarzalejos.eu\/en\/\"},{\"@type\":\"ListItem\",\"position\":2,\"name\":\"PRESENTATION OF THE BOOK &#8216;UNA PICA EN FLANDES. LA HUELLA DE ESPA\u00d1A EN LA UNI\u00d3N EUROPEA&#8217;, BY JAVIER ELORZA\"}]},{\"@type\":\"WebSite\",\"@id\":\"https:\/\/javierzarzalejos.eu\/#website\",\"url\":\"https:\/\/javierzarzalejos.eu\/\",\"name\":\"P\u00e1gina oficial de Javier zarzalejos\",\"description\":\"P\u00e1gina oficial de Javier zarzalejos\",\"potentialAction\":[{\"@type\":\"SearchAction\",\"target\":{\"@type\":\"EntryPoint\",\"urlTemplate\":\"https:\/\/javierzarzalejos.eu\/?s={search_term_string}\"},\"query-input\":{\"@type\":\"PropertyValueSpecification\",\"valueRequired\":true,\"valueName\":\"search_term_string\"}}],\"inLanguage\":\"en-US\"},{\"@type\":\"Person\",\"@id\":\"https:\/\/javierzarzalejos.eu\/#\/schema\/person\/13ce5858bfa202c31d5c5e1e24ad9cb8\",\"name\":\"Best Marketing\",\"image\":{\"@type\":\"ImageObject\",\"inLanguage\":\"en-US\",\"@id\":\"https:\/\/javierzarzalejos.eu\/#\/schema\/person\/image\/\",\"url\":\"https:\/\/secure.gravatar.com\/avatar\/4b7f547520df08035ae60cfd8080cfcc71993ce08ded20c052bd207638c66171?s=96&d=mm&r=g\",\"contentUrl\":\"https:\/\/secure.gravatar.com\/avatar\/4b7f547520df08035ae60cfd8080cfcc71993ce08ded20c052bd207638c66171?s=96&d=mm&r=g\",\"caption\":\"Best Marketing\"},\"url\":\"https:\/\/javierzarzalejos.eu\/en\/author\/best-marketing-user\/\"}]}<\/script>\n<!-- \/ Yoast SEO plugin. -->","yoast_head_json":{"title":"PRESENTATION OF THE BOOK 'UNA PICA EN FLANDES. LA HUELLA DE ESPA\u00d1A EN LA UNI\u00d3N EUROPEA', BY JAVIER ELORZA - P\u00e1gina oficial de Javier zarzalejos","robots":{"index":"index","follow":"follow","max-snippet":"max-snippet:-1","max-image-preview":"max-image-preview:large","max-video-preview":"max-video-preview:-1"},"canonical":"https:\/\/javierzarzalejos.eu\/en\/2023\/06\/06\/presentation-of-the-book-una-pica-en-flandes-la-huella-de-espana-en-la-union-europea-by-javier-elorza\/","og_locale":"en_US","og_type":"article","og_title":"PRESENTATION OF THE BOOK 'UNA PICA EN FLANDES. LA HUELLA DE ESPA\u00d1A EN LA UNI\u00d3N EUROPEA', BY JAVIER ELORZA - P\u00e1gina oficial de Javier zarzalejos","og_description":"On June 6 took place in Brussels the presentation of the book &#8220;Una pica en Flandes. La huella de Espa\u00f1a en la Uni\u00f3n Europea&#8221; (Editorial Debate), written by Ambassador Javier Elorza, and attended by MEP Javier Zarzalejos. During the event, a colloquium was held on the long and complex process of negotiating Spain&#8217;s entry into&hellip;","og_url":"https:\/\/javierzarzalejos.eu\/en\/2023\/06\/06\/presentation-of-the-book-una-pica-en-flandes-la-huella-de-espana-en-la-union-europea-by-javier-elorza\/","og_site_name":"P\u00e1gina oficial de Javier zarzalejos","article_published_time":"2023-06-06T11:56:39+00:00","article_modified_time":"2023-06-13T11:57:47+00:00","og_image":[{"url":"https:\/\/javierzarzalejos.eu\/wp-content\/uploads\/2023\/06\/LIBRO-UNA-PICA-EN-FLANDES.jpg","type":"","width":"","height":""}],"author":"Best Marketing","twitter_card":"summary_large_image","twitter_misc":{"Written by":"Best Marketing","Est. reading time":"2 minutes"},"schema":{"@context":"https:\/\/schema.org","@graph":[{"@type":"Article","@id":"https:\/\/javierzarzalejos.eu\/en\/2023\/06\/06\/presentation-of-the-book-una-pica-en-flandes-la-huella-de-espana-en-la-union-europea-by-javier-elorza\/#article","isPartOf":{"@id":"https:\/\/javierzarzalejos.eu\/en\/2023\/06\/06\/presentation-of-the-book-una-pica-en-flandes-la-huella-de-espana-en-la-union-europea-by-javier-elorza\/"},"author":{"name":"Best Marketing","@id":"https:\/\/javierzarzalejos.eu\/#\/schema\/person\/13ce5858bfa202c31d5c5e1e24ad9cb8"},"headline":"PRESENTATION OF THE BOOK &#8216;UNA PICA EN FLANDES. LA HUELLA DE ESPA\u00d1A EN LA UNI\u00d3N EUROPEA&#8217;, BY JAVIER ELORZA","datePublished":"2023-06-06T11:56:39+00:00","dateModified":"2023-06-13T11:57:47+00:00","mainEntityOfPage":{"@id":"https:\/\/javierzarzalejos.eu\/en\/2023\/06\/06\/presentation-of-the-book-una-pica-en-flandes-la-huella-de-espana-en-la-union-europea-by-javier-elorza\/"},"wordCount":296,"image":{"@id":"https:\/\/javierzarzalejos.eu\/en\/2023\/06\/06\/presentation-of-the-book-una-pica-en-flandes-la-huella-de-espana-en-la-union-europea-by-javier-elorza\/#primaryimage"},"thumbnailUrl":"https:\/\/javierzarzalejos.eu\/wp-content\/uploads\/2023\/06\/LIBRO-UNA-PICA-EN-FLANDES.jpg","articleSection":["Events"],"inLanguage":"en-US"},{"@type":"WebPage","@id":"https:\/\/javierzarzalejos.eu\/en\/2023\/06\/06\/presentation-of-the-book-una-pica-en-flandes-la-huella-de-espana-en-la-union-europea-by-javier-elorza\/","url":"https:\/\/javierzarzalejos.eu\/en\/2023\/06\/06\/presentation-of-the-book-una-pica-en-flandes-la-huella-de-espana-en-la-union-europea-by-javier-elorza\/","name":"PRESENTATION OF THE BOOK 'UNA PICA EN FLANDES. LA HUELLA DE ESPA\u00d1A EN LA UNI\u00d3N EUROPEA', BY JAVIER ELORZA - P\u00e1gina oficial de Javier zarzalejos","isPartOf":{"@id":"https:\/\/javierzarzalejos.eu\/#website"},"primaryImageOfPage":{"@id":"https:\/\/javierzarzalejos.eu\/en\/2023\/06\/06\/presentation-of-the-book-una-pica-en-flandes-la-huella-de-espana-en-la-union-europea-by-javier-elorza\/#primaryimage"},"image":{"@id":"https:\/\/javierzarzalejos.eu\/en\/2023\/06\/06\/presentation-of-the-book-una-pica-en-flandes-la-huella-de-espana-en-la-union-europea-by-javier-elorza\/#primaryimage"},"thumbnailUrl":"https:\/\/javierzarzalejos.eu\/wp-content\/uploads\/2023\/06\/LIBRO-UNA-PICA-EN-FLANDES.jpg","datePublished":"2023-06-06T11:56:39+00:00","dateModified":"2023-06-13T11:57:47+00:00","author":{"@id":"https:\/\/javierzarzalejos.eu\/#\/schema\/person\/13ce5858bfa202c31d5c5e1e24ad9cb8"},"breadcrumb":{"@id":"https:\/\/javierzarzalejos.eu\/en\/2023\/06\/06\/presentation-of-the-book-una-pica-en-flandes-la-huella-de-espana-en-la-union-europea-by-javier-elorza\/#breadcrumb"},"inLanguage":"en-US","potentialAction":[{"@type":"ReadAction","target":["https:\/\/javierzarzalejos.eu\/en\/2023\/06\/06\/presentation-of-the-book-una-pica-en-flandes-la-huella-de-espana-en-la-union-europea-by-javier-elorza\/"]}]},{"@type":"ImageObject","inLanguage":"en-US","@id":"https:\/\/javierzarzalejos.eu\/en\/2023\/06\/06\/presentation-of-the-book-una-pica-en-flandes-la-huella-de-espana-en-la-union-europea-by-javier-elorza\/#primaryimage","url":"https:\/\/javierzarzalejos.eu\/wp-content\/uploads\/2023\/06\/LIBRO-UNA-PICA-EN-FLANDES.jpg","contentUrl":"https:\/\/javierzarzalejos.eu\/wp-content\/uploads\/2023\/06\/LIBRO-UNA-PICA-EN-FLANDES.jpg"},{"@type":"BreadcrumbList","@id":"https:\/\/javierzarzalejos.eu\/en\/2023\/06\/06\/presentation-of-the-book-una-pica-en-flandes-la-huella-de-espana-en-la-union-europea-by-javier-elorza\/#breadcrumb","itemListElement":[{"@type":"ListItem","position":1,"name":"Portada","item":"https:\/\/javierzarzalejos.eu\/en\/"},{"@type":"ListItem","position":2,"name":"PRESENTATION OF THE BOOK &#8216;UNA PICA EN FLANDES. LA HUELLA DE ESPA\u00d1A EN LA UNI\u00d3N EUROPEA&#8217;, BY JAVIER ELORZA"}]},{"@type":"WebSite","@id":"https:\/\/javierzarzalejos.eu\/#website","url":"https:\/\/javierzarzalejos.eu\/","name":"P\u00e1gina oficial de Javier zarzalejos","description":"P\u00e1gina oficial de Javier zarzalejos","potentialAction":[{"@type":"SearchAction","target":{"@type":"EntryPoint","urlTemplate":"https:\/\/javierzarzalejos.eu\/?s={search_term_string}"},"query-input":{"@type":"PropertyValueSpecification","valueRequired":true,"valueName":"search_term_string"}}],"inLanguage":"en-US"},{"@type":"Person","@id":"https:\/\/javierzarzalejos.eu\/#\/schema\/person\/13ce5858bfa202c31d5c5e1e24ad9cb8","name":"Best Marketing","image":{"@type":"ImageObject","inLanguage":"en-US","@id":"https:\/\/javierzarzalejos.eu\/#\/schema\/person\/image\/","url":"https:\/\/secure.gravatar.com\/avatar\/4b7f547520df08035ae60cfd8080cfcc71993ce08ded20c052bd207638c66171?s=96&d=mm&r=g","contentUrl":"https:\/\/secure.gravatar.com\/avatar\/4b7f547520df08035ae60cfd8080cfcc71993ce08ded20c052bd207638c66171?s=96&d=mm&r=g","caption":"Best Marketing"},"url":"https:\/\/javierzarzalejos.eu\/en\/author\/best-marketing-user\/"}]}},"_links":{"self":[{"href":"https:\/\/javierzarzalejos.eu\/en\/wp-json\/wp\/v2\/posts\/15164","targetHints":{"allow":["GET"]}}],"collection":[{"href":"https:\/\/javierzarzalejos.eu\/en\/wp-json\/wp\/v2\/posts"}],"about":[{"href":"https:\/\/javierzarzalejos.eu\/en\/wp-json\/wp\/v2\/types\/post"}],"author":[{"embeddable":true,"href":"https:\/\/javierzarzalejos.eu\/en\/wp-json\/wp\/v2\/users\/1"}],"replies":[{"embeddable":true,"href":"https:\/\/javierzarzalejos.eu\/en\/wp-json\/wp\/v2\/comments?post=15164"}],"version-history":[{"count":1,"href":"https:\/\/javierzarzalejos.eu\/en\/wp-json\/wp\/v2\/posts\/15164\/revisions"}],"predecessor-version":[{"id":15165,"href":"https:\/\/javierzarzalejos.eu\/en\/wp-json\/wp\/v2\/posts\/15164\/revisions\/15165"}],"wp:attachment":[{"href":"https:\/\/javierzarzalejos.eu\/en\/wp-json\/wp\/v2\/media?parent=15164"}],"wp:term":[{"taxonomy":"category","embeddable":true,"href":"https:\/\/javierzarzalejos.eu\/en\/wp-json\/wp\/v2\/categories?post=15164"},{"taxonomy":"post_tag","embeddable":true,"href":"https:\/\/javierzarzalejos.eu\/en\/wp-json\/wp\/v2\/tags?post=15164"}],"curies":[{"name":"wp","href":"https:\/\/api.w.org\/{rel}","templated":true}]}}