{"id":15825,"date":"2023-11-30T11:17:16","date_gmt":"2023-11-30T10:17:16","guid":{"rendered":"https:\/\/javierzarzalejos.eu\/2023\/11\/30\/trece-al-dia-a-partir-del-min-1045-30-11-23-sobre-la-actuacion-de-las-instituciones-europeas-en-relacion-con-la-amnistia-y-el-viaje-a-bruselas-de-felix-bolanos\/"},"modified":"2023-12-18T11:20:45","modified_gmt":"2023-12-18T10:20:45","slug":"trece-al-dia-a-partir-del-min-1045-30-11-23-sobre-la-actuacion-de-las-instituciones-europeas-en-relacion-con-la-amnistia-y-el-viaje-a-bruselas-de-felix-bolanos","status":"publish","type":"post","link":"https:\/\/javierzarzalejos.eu\/en\/2023\/11\/30\/trece-al-dia-a-partir-del-min-1045-30-11-23-sobre-la-actuacion-de-las-instituciones-europeas-en-relacion-con-la-amnistia-y-el-viaje-a-bruselas-de-felix-bolanos\/","title":{"rendered":"TRECE AL D\u00cdA (a partir del min 10:45)  30.11.23 | Sobre la actuaci\u00f3n de las instituciones europeas en relaci\u00f3n con la amnist\u00eda y el viaje a Bruselas de F\u00e9lix Bola\u00f1os"},"content":{"rendered":"","protected":false},"excerpt":{"rendered":"","protected":false},"author":1,"featured_media":0,"comment_status":"closed","ping_status":"closed","sticky":false,"template":"","format":"standard","meta":{"inline_featured_image":false,"_monsterinsights_skip_tracking":false,"_monsterinsights_sitenote_active":false,"_monsterinsights_sitenote_note":"","_monsterinsights_sitenote_category":0,"_vp_format_video_url":"","_vp_image_focal_point":[],"footnotes":""},"categories":[12],"tags":[],"class_list":["post-15825","post","type-post","status-publish","format-standard","hentry","category-interviews"],"yoast_head":"<!-- This site is optimized with the Yoast SEO plugin v27.1.1 - https:\/\/yoast.com\/product\/yoast-seo-wordpress\/ -->\n<title>TRECE AL D\u00cdA (a partir del min 10:45) 30.11.23 | Sobre la actuaci\u00f3n de las instituciones europeas en relaci\u00f3n con la amnist\u00eda y el viaje a Bruselas de F\u00e9lix Bola\u00f1os - P\u00e1gina oficial de Javier zarzalejos<\/title>\n<meta name=\"robots\" content=\"index, follow, max-snippet:-1, max-image-preview:large, max-video-preview:-1\" \/>\n<link rel=\"canonical\" href=\"https:\/\/javierzarzalejos.eu\/en\/2023\/11\/30\/trece-al-dia-a-partir-del-min-1045-30-11-23-sobre-la-actuacion-de-las-instituciones-europeas-en-relacion-con-la-amnistia-y-el-viaje-a-bruselas-de-felix-bolanos\/\" \/>\n<meta property=\"og:locale\" content=\"en_US\" \/>\n<meta property=\"og:type\" content=\"article\" \/>\n<meta property=\"og:title\" content=\"TRECE AL D\u00cdA (a partir del min 10:45) 30.11.23 | Sobre la actuaci\u00f3n de las instituciones europeas en relaci\u00f3n con la amnist\u00eda y el viaje a Bruselas de F\u00e9lix Bola\u00f1os - P\u00e1gina oficial de Javier zarzalejos\" \/>\n<meta property=\"og:url\" content=\"https:\/\/javierzarzalejos.eu\/en\/2023\/11\/30\/trece-al-dia-a-partir-del-min-1045-30-11-23-sobre-la-actuacion-de-las-instituciones-europeas-en-relacion-con-la-amnistia-y-el-viaje-a-bruselas-de-felix-bolanos\/\" \/>\n<meta property=\"og:site_name\" content=\"P\u00e1gina oficial de Javier zarzalejos\" \/>\n<meta property=\"article:published_time\" content=\"2023-11-30T10:17:16+00:00\" \/>\n<meta property=\"article:modified_time\" content=\"2023-12-18T10:20:45+00:00\" \/>\n<meta name=\"author\" content=\"Best Marketing\" \/>\n<meta name=\"twitter:card\" content=\"summary_large_image\" \/>\n<meta name=\"twitter:label1\" content=\"Written by\" \/>\n\t<meta name=\"twitter:data1\" content=\"Best Marketing\" \/>\n<script type=\"application\/ld+json\" class=\"yoast-schema-graph\">{\"@context\":\"https:\/\/schema.org\",\"@graph\":[{\"@type\":\"Article\",\"@id\":\"https:\/\/javierzarzalejos.eu\/en\/2023\/11\/30\/trece-al-dia-a-partir-del-min-1045-30-11-23-sobre-la-actuacion-de-las-instituciones-europeas-en-relacion-con-la-amnistia-y-el-viaje-a-bruselas-de-felix-bolanos\/#article\",\"isPartOf\":{\"@id\":\"https:\/\/javierzarzalejos.eu\/en\/2023\/11\/30\/trece-al-dia-a-partir-del-min-1045-30-11-23-sobre-la-actuacion-de-las-instituciones-europeas-en-relacion-con-la-amnistia-y-el-viaje-a-bruselas-de-felix-bolanos\/\"},\"author\":{\"name\":\"Best Marketing\",\"@id\":\"https:\/\/javierzarzalejos.eu\/#\/schema\/person\/13ce5858bfa202c31d5c5e1e24ad9cb8\"},\"headline\":\"TRECE AL D\u00cdA (a partir del min 10:45) 30.11.23 | Sobre la actuaci\u00f3n de las instituciones europeas en relaci\u00f3n con la amnist\u00eda y el viaje a Bruselas de F\u00e9lix Bola\u00f1os\",\"datePublished\":\"2023-11-30T10:17:16+00:00\",\"dateModified\":\"2023-12-18T10:20:45+00:00\",\"mainEntityOfPage\":{\"@id\":\"https:\/\/javierzarzalejos.eu\/en\/2023\/11\/30\/trece-al-dia-a-partir-del-min-1045-30-11-23-sobre-la-actuacion-de-las-instituciones-europeas-en-relacion-con-la-amnistia-y-el-viaje-a-bruselas-de-felix-bolanos\/\"},\"wordCount\":33,\"articleSection\":[\"Interviews\"],\"inLanguage\":\"en-US\"},{\"@type\":\"WebPage\",\"@id\":\"https:\/\/javierzarzalejos.eu\/en\/2023\/11\/30\/trece-al-dia-a-partir-del-min-1045-30-11-23-sobre-la-actuacion-de-las-instituciones-europeas-en-relacion-con-la-amnistia-y-el-viaje-a-bruselas-de-felix-bolanos\/\",\"url\":\"https:\/\/javierzarzalejos.eu\/en\/2023\/11\/30\/trece-al-dia-a-partir-del-min-1045-30-11-23-sobre-la-actuacion-de-las-instituciones-europeas-en-relacion-con-la-amnistia-y-el-viaje-a-bruselas-de-felix-bolanos\/\",\"name\":\"TRECE AL D\u00cdA (a partir del min 10:45) 30.11.23 | Sobre la actuaci\u00f3n de las instituciones europeas en relaci\u00f3n con la amnist\u00eda y el viaje a Bruselas de F\u00e9lix Bola\u00f1os - P\u00e1gina oficial de Javier zarzalejos\",\"isPartOf\":{\"@id\":\"https:\/\/javierzarzalejos.eu\/#website\"},\"datePublished\":\"2023-11-30T10:17:16+00:00\",\"dateModified\":\"2023-12-18T10:20:45+00:00\",\"author\":{\"@id\":\"https:\/\/javierzarzalejos.eu\/#\/schema\/person\/13ce5858bfa202c31d5c5e1e24ad9cb8\"},\"breadcrumb\":{\"@id\":\"https:\/\/javierzarzalejos.eu\/en\/2023\/11\/30\/trece-al-dia-a-partir-del-min-1045-30-11-23-sobre-la-actuacion-de-las-instituciones-europeas-en-relacion-con-la-amnistia-y-el-viaje-a-bruselas-de-felix-bolanos\/#breadcrumb\"},\"inLanguage\":\"en-US\",\"potentialAction\":[{\"@type\":\"ReadAction\",\"target\":[\"https:\/\/javierzarzalejos.eu\/en\/2023\/11\/30\/trece-al-dia-a-partir-del-min-1045-30-11-23-sobre-la-actuacion-de-las-instituciones-europeas-en-relacion-con-la-amnistia-y-el-viaje-a-bruselas-de-felix-bolanos\/\"]}]},{\"@type\":\"BreadcrumbList\",\"@id\":\"https:\/\/javierzarzalejos.eu\/en\/2023\/11\/30\/trece-al-dia-a-partir-del-min-1045-30-11-23-sobre-la-actuacion-de-las-instituciones-europeas-en-relacion-con-la-amnistia-y-el-viaje-a-bruselas-de-felix-bolanos\/#breadcrumb\",\"itemListElement\":[{\"@type\":\"ListItem\",\"position\":1,\"name\":\"Portada\",\"item\":\"https:\/\/javierzarzalejos.eu\/en\/\"},{\"@type\":\"ListItem\",\"position\":2,\"name\":\"TRECE AL D\u00cdA (a partir del min 10:45) 30.11.23 | Sobre la actuaci\u00f3n de las instituciones europeas en relaci\u00f3n con la amnist\u00eda y el viaje a Bruselas de F\u00e9lix Bola\u00f1os\"}]},{\"@type\":\"WebSite\",\"@id\":\"https:\/\/javierzarzalejos.eu\/#website\",\"url\":\"https:\/\/javierzarzalejos.eu\/\",\"name\":\"P\u00e1gina oficial de Javier zarzalejos\",\"description\":\"P\u00e1gina oficial de Javier zarzalejos\",\"potentialAction\":[{\"@type\":\"SearchAction\",\"target\":{\"@type\":\"EntryPoint\",\"urlTemplate\":\"https:\/\/javierzarzalejos.eu\/?s={search_term_string}\"},\"query-input\":{\"@type\":\"PropertyValueSpecification\",\"valueRequired\":true,\"valueName\":\"search_term_string\"}}],\"inLanguage\":\"en-US\"},{\"@type\":\"Person\",\"@id\":\"https:\/\/javierzarzalejos.eu\/#\/schema\/person\/13ce5858bfa202c31d5c5e1e24ad9cb8\",\"name\":\"Best Marketing\",\"image\":{\"@type\":\"ImageObject\",\"inLanguage\":\"en-US\",\"@id\":\"https:\/\/javierzarzalejos.eu\/#\/schema\/person\/image\/\",\"url\":\"https:\/\/secure.gravatar.com\/avatar\/4b7f547520df08035ae60cfd8080cfcc71993ce08ded20c052bd207638c66171?s=96&d=mm&r=g\",\"contentUrl\":\"https:\/\/secure.gravatar.com\/avatar\/4b7f547520df08035ae60cfd8080cfcc71993ce08ded20c052bd207638c66171?s=96&d=mm&r=g\",\"caption\":\"Best Marketing\"},\"url\":\"https:\/\/javierzarzalejos.eu\/en\/author\/best-marketing-user\/\"}]}<\/script>\n<!-- \/ Yoast SEO plugin. -->","yoast_head_json":{"title":"TRECE AL D\u00cdA (a partir del min 10:45) 30.11.23 | Sobre la actuaci\u00f3n de las instituciones europeas en relaci\u00f3n con la amnist\u00eda y el viaje a Bruselas de F\u00e9lix Bola\u00f1os - P\u00e1gina oficial de Javier zarzalejos","robots":{"index":"index","follow":"follow","max-snippet":"max-snippet:-1","max-image-preview":"max-image-preview:large","max-video-preview":"max-video-preview:-1"},"canonical":"https:\/\/javierzarzalejos.eu\/en\/2023\/11\/30\/trece-al-dia-a-partir-del-min-1045-30-11-23-sobre-la-actuacion-de-las-instituciones-europeas-en-relacion-con-la-amnistia-y-el-viaje-a-bruselas-de-felix-bolanos\/","og_locale":"en_US","og_type":"article","og_title":"TRECE AL D\u00cdA (a partir del min 10:45) 30.11.23 | Sobre la actuaci\u00f3n de las instituciones europeas en relaci\u00f3n con la amnist\u00eda y el viaje a Bruselas de F\u00e9lix Bola\u00f1os - P\u00e1gina oficial de Javier zarzalejos","og_url":"https:\/\/javierzarzalejos.eu\/en\/2023\/11\/30\/trece-al-dia-a-partir-del-min-1045-30-11-23-sobre-la-actuacion-de-las-instituciones-europeas-en-relacion-con-la-amnistia-y-el-viaje-a-bruselas-de-felix-bolanos\/","og_site_name":"P\u00e1gina oficial de Javier zarzalejos","article_published_time":"2023-11-30T10:17:16+00:00","article_modified_time":"2023-12-18T10:20:45+00:00","author":"Best Marketing","twitter_card":"summary_large_image","twitter_misc":{"Written by":"Best Marketing"},"schema":{"@context":"https:\/\/schema.org","@graph":[{"@type":"Article","@id":"https:\/\/javierzarzalejos.eu\/en\/2023\/11\/30\/trece-al-dia-a-partir-del-min-1045-30-11-23-sobre-la-actuacion-de-las-instituciones-europeas-en-relacion-con-la-amnistia-y-el-viaje-a-bruselas-de-felix-bolanos\/#article","isPartOf":{"@id":"https:\/\/javierzarzalejos.eu\/en\/2023\/11\/30\/trece-al-dia-a-partir-del-min-1045-30-11-23-sobre-la-actuacion-de-las-instituciones-europeas-en-relacion-con-la-amnistia-y-el-viaje-a-bruselas-de-felix-bolanos\/"},"author":{"name":"Best Marketing","@id":"https:\/\/javierzarzalejos.eu\/#\/schema\/person\/13ce5858bfa202c31d5c5e1e24ad9cb8"},"headline":"TRECE AL D\u00cdA (a partir del min 10:45) 30.11.23 | Sobre la actuaci\u00f3n de las instituciones europeas en relaci\u00f3n con la amnist\u00eda y el viaje a Bruselas de F\u00e9lix Bola\u00f1os","datePublished":"2023-11-30T10:17:16+00:00","dateModified":"2023-12-18T10:20:45+00:00","mainEntityOfPage":{"@id":"https:\/\/javierzarzalejos.eu\/en\/2023\/11\/30\/trece-al-dia-a-partir-del-min-1045-30-11-23-sobre-la-actuacion-de-las-instituciones-europeas-en-relacion-con-la-amnistia-y-el-viaje-a-bruselas-de-felix-bolanos\/"},"wordCount":33,"articleSection":["Interviews"],"inLanguage":"en-US"},{"@type":"WebPage","@id":"https:\/\/javierzarzalejos.eu\/en\/2023\/11\/30\/trece-al-dia-a-partir-del-min-1045-30-11-23-sobre-la-actuacion-de-las-instituciones-europeas-en-relacion-con-la-amnistia-y-el-viaje-a-bruselas-de-felix-bolanos\/","url":"https:\/\/javierzarzalejos.eu\/en\/2023\/11\/30\/trece-al-dia-a-partir-del-min-1045-30-11-23-sobre-la-actuacion-de-las-instituciones-europeas-en-relacion-con-la-amnistia-y-el-viaje-a-bruselas-de-felix-bolanos\/","name":"TRECE AL D\u00cdA (a partir del min 10:45) 30.11.23 | Sobre la actuaci\u00f3n de las instituciones europeas en relaci\u00f3n con la amnist\u00eda y el viaje a Bruselas de F\u00e9lix Bola\u00f1os - P\u00e1gina oficial de Javier zarzalejos","isPartOf":{"@id":"https:\/\/javierzarzalejos.eu\/#website"},"datePublished":"2023-11-30T10:17:16+00:00","dateModified":"2023-12-18T10:20:45+00:00","author":{"@id":"https:\/\/javierzarzalejos.eu\/#\/schema\/person\/13ce5858bfa202c31d5c5e1e24ad9cb8"},"breadcrumb":{"@id":"https:\/\/javierzarzalejos.eu\/en\/2023\/11\/30\/trece-al-dia-a-partir-del-min-1045-30-11-23-sobre-la-actuacion-de-las-instituciones-europeas-en-relacion-con-la-amnistia-y-el-viaje-a-bruselas-de-felix-bolanos\/#breadcrumb"},"inLanguage":"en-US","potentialAction":[{"@type":"ReadAction","target":["https:\/\/javierzarzalejos.eu\/en\/2023\/11\/30\/trece-al-dia-a-partir-del-min-1045-30-11-23-sobre-la-actuacion-de-las-instituciones-europeas-en-relacion-con-la-amnistia-y-el-viaje-a-bruselas-de-felix-bolanos\/"]}]},{"@type":"BreadcrumbList","@id":"https:\/\/javierzarzalejos.eu\/en\/2023\/11\/30\/trece-al-dia-a-partir-del-min-1045-30-11-23-sobre-la-actuacion-de-las-instituciones-europeas-en-relacion-con-la-amnistia-y-el-viaje-a-bruselas-de-felix-bolanos\/#breadcrumb","itemListElement":[{"@type":"ListItem","position":1,"name":"Portada","item":"https:\/\/javierzarzalejos.eu\/en\/"},{"@type":"ListItem","position":2,"name":"TRECE AL D\u00cdA (a partir del min 10:45) 30.11.23 | Sobre la actuaci\u00f3n de las instituciones europeas en relaci\u00f3n con la amnist\u00eda y el viaje a Bruselas de F\u00e9lix Bola\u00f1os"}]},{"@type":"WebSite","@id":"https:\/\/javierzarzalejos.eu\/#website","url":"https:\/\/javierzarzalejos.eu\/","name":"P\u00e1gina oficial de Javier zarzalejos","description":"P\u00e1gina oficial de Javier zarzalejos","potentialAction":[{"@type":"SearchAction","target":{"@type":"EntryPoint","urlTemplate":"https:\/\/javierzarzalejos.eu\/?s={search_term_string}"},"query-input":{"@type":"PropertyValueSpecification","valueRequired":true,"valueName":"search_term_string"}}],"inLanguage":"en-US"},{"@type":"Person","@id":"https:\/\/javierzarzalejos.eu\/#\/schema\/person\/13ce5858bfa202c31d5c5e1e24ad9cb8","name":"Best Marketing","image":{"@type":"ImageObject","inLanguage":"en-US","@id":"https:\/\/javierzarzalejos.eu\/#\/schema\/person\/image\/","url":"https:\/\/secure.gravatar.com\/avatar\/4b7f547520df08035ae60cfd8080cfcc71993ce08ded20c052bd207638c66171?s=96&d=mm&r=g","contentUrl":"https:\/\/secure.gravatar.com\/avatar\/4b7f547520df08035ae60cfd8080cfcc71993ce08ded20c052bd207638c66171?s=96&d=mm&r=g","caption":"Best Marketing"},"url":"https:\/\/javierzarzalejos.eu\/en\/author\/best-marketing-user\/"}]}},"_links":{"self":[{"href":"https:\/\/javierzarzalejos.eu\/en\/wp-json\/wp\/v2\/posts\/15825","targetHints":{"allow":["GET"]}}],"collection":[{"href":"https:\/\/javierzarzalejos.eu\/en\/wp-json\/wp\/v2\/posts"}],"about":[{"href":"https:\/\/javierzarzalejos.eu\/en\/wp-json\/wp\/v2\/types\/post"}],"author":[{"embeddable":true,"href":"https:\/\/javierzarzalejos.eu\/en\/wp-json\/wp\/v2\/users\/1"}],"replies":[{"embeddable":true,"href":"https:\/\/javierzarzalejos.eu\/en\/wp-json\/wp\/v2\/comments?post=15825"}],"version-history":[{"count":1,"href":"https:\/\/javierzarzalejos.eu\/en\/wp-json\/wp\/v2\/posts\/15825\/revisions"}],"predecessor-version":[{"id":15826,"href":"https:\/\/javierzarzalejos.eu\/en\/wp-json\/wp\/v2\/posts\/15825\/revisions\/15826"}],"wp:attachment":[{"href":"https:\/\/javierzarzalejos.eu\/en\/wp-json\/wp\/v2\/media?parent=15825"}],"wp:term":[{"taxonomy":"category","embeddable":true,"href":"https:\/\/javierzarzalejos.eu\/en\/wp-json\/wp\/v2\/categories?post=15825"},{"taxonomy":"post_tag","embeddable":true,"href":"https:\/\/javierzarzalejos.eu\/en\/wp-json\/wp\/v2\/tags?post=15825"}],"curies":[{"name":"wp","href":"https:\/\/api.w.org\/{rel}","templated":true}]}}