{"id":16503,"date":"2024-04-24T16:43:54","date_gmt":"2024-04-24T14:43:54","guid":{"rendered":"https:\/\/javierzarzalejos.eu\/?p=16503"},"modified":"2024-04-30T16:44:53","modified_gmt":"2024-04-30T14:44:53","slug":"the-pp-denounces-the-psoes-whitewashing-of-bildu-and-dictators-like-maduro-in-the-european-parliament","status":"publish","type":"post","link":"https:\/\/javierzarzalejos.eu\/en\/2024\/04\/24\/the-pp-denounces-the-psoes-whitewashing-of-bildu-and-dictators-like-maduro-in-the-european-parliament\/","title":{"rendered":"THE PP DENOUNCES THE PSOE&#8217;S WHITEWASHING OF BILDU AND DICTATORS LIKE MADURO IN THE EUROPEAN PARLIAMENT"},"content":{"rendered":"<blockquote class=\"twitter-tweet\" data-width=\"500\" data-dnt=\"true\">\n<p lang=\"es\" dir=\"ltr\">Poco antes de que se conociera el desprop\u00f3sito populista de <a href=\"https:\/\/twitter.com\/hashtag\/S%C3%A1nchez?src=hash&amp;ref_src=twsrc%5Etfw\">#S\u00e1nchez<\/a> en forma de pretenciosa \u201ccarta a la ciudadan\u00eda\u201d, manten\u00edamos un debate sobre la memoria democr\u00e1tica promovido por los socialistas espa\u00f1oles.<br \/>\ud83d\udcfd\ufe0fEsta es mi intervenci\u00f3n\ud83d\udc47 <a href=\"https:\/\/t.co\/8ORtIfrstb\">pic.twitter.com\/8ORtIfrstb<\/a><\/p>\n<p>&mdash; F. Javier Zarzalejos Nieto (@FZarzalejos) <a href=\"https:\/\/twitter.com\/FZarzalejos\/status\/1783456662822572509?ref_src=twsrc%5Etfw\">April 25, 2024<\/a><\/p><\/blockquote>\n<p><script async src=\"https:\/\/platform.twitter.com\/widgets.js\" charset=\"utf-8\"><\/script><\/p>\n<p>On 24 April in the plenary session of the European Parliament, the People&#8217;s Party denounced the PSOE&#8217;s whitewashing of the political heir of ETA&#8217;s Bildu party and dictators such as Nicol\u00e1s Maduro.<\/p>\n<p>She did so in the debate on totalitarianism, in which the Vice-President of the Group of the European People&#8217;s Party, Dolors Montserrat, said that &#8220;the EPP, a pioneer in the European project since its creation and firm in the face of totalitarianism, will not accept a single lesson from this sectarian socialism&#8221;.<\/p>\n<p>&#8220;My party has always condemned totalitarianism and dictatorships, both past and present, such as those in Latin America. Meanwhile, Montserrat pointed out that &#8220;S\u00e1nchez&#8217;s people in Europe are using this debate to spout lies about the Partido Popular&#8221;.<\/p>\n<p>Meanwhile, MEP Javier Zarzalejos reproached the PSOE for daring to talk about democratic memory &#8220;when their partner is a party that does not condemn the almost 900 murders by the terrorist group ETA&#8221;.<\/p>\n<p>&#8220;How dare you, who depend on parties that want to destroy the Spanish Constitution, the Constitution of freedoms and reconciliation, talk about democratic memory,&#8221; he added.<\/p>\n<p>&#8220;How dare they talk about Memory in order to disqualify a party that has paid a tragic tribute in blood like no other for defending the Constitution, the nation and freedom in Spain.<\/p>\n<p>Zarzalejos concluded by saying that the PSOE&#8217;s idea of historical memory &#8220;is summed up in the shameless display of Pedro S\u00e1nchez photographing himself surrounded by the remains of victims of the Civil War.\u00a0 This image of indignity defines them and European socialists should not allow themselves to be dragged down by this image&#8221;.<\/p>\n","protected":false},"excerpt":{"rendered":"<p>Poco antes de que se conociera el desprop\u00f3sito populista de #S\u00e1nchez en forma de pretenciosa \u201ccarta a la ciudadan\u00eda\u201d, manten\u00edamos un debate sobre la memoria democr\u00e1tica promovido por los socialistas espa\u00f1oles.\ud83d\udcfd\ufe0fEsta es mi intervenci\u00f3n\ud83d\udc47 pic.twitter.com\/8ORtIfrstb &mdash; F. Javier Zarzalejos Nieto (@FZarzalejos) April 25, 2024 On 24 April in the plenary session of the European Parliament,&hellip;<\/p>\n","protected":false},"author":1,"featured_media":0,"comment_status":"closed","ping_status":"closed","sticky":false,"template":"","format":"standard","meta":{"inline_featured_image":false,"_monsterinsights_skip_tracking":false,"_monsterinsights_sitenote_active":false,"_monsterinsights_sitenote_note":"","_monsterinsights_sitenote_category":0,"_vp_format_video_url":"","_vp_image_focal_point":[],"footnotes":""},"categories":[14],"tags":[],"class_list":["post-16503","post","type-post","status-publish","format-standard","hentry","category-events"],"yoast_head":"<!-- This site is optimized with the Yoast SEO plugin v27.1.1 - https:\/\/yoast.com\/product\/yoast-seo-wordpress\/ -->\n<title>THE PP DENOUNCES THE PSOE&#039;S WHITEWASHING OF BILDU AND DICTATORS LIKE MADURO IN THE EUROPEAN PARLIAMENT - P\u00e1gina oficial de Javier zarzalejos<\/title>\n<meta name=\"robots\" content=\"index, follow, max-snippet:-1, max-image-preview:large, max-video-preview:-1\" \/>\n<link rel=\"canonical\" href=\"https:\/\/javierzarzalejos.eu\/en\/2024\/04\/24\/the-pp-denounces-the-psoes-whitewashing-of-bildu-and-dictators-like-maduro-in-the-european-parliament\/\" \/>\n<meta property=\"og:locale\" content=\"en_US\" \/>\n<meta property=\"og:type\" content=\"article\" \/>\n<meta property=\"og:title\" content=\"THE PP DENOUNCES THE PSOE&#039;S WHITEWASHING OF BILDU AND DICTATORS LIKE MADURO IN THE EUROPEAN PARLIAMENT - P\u00e1gina oficial de Javier zarzalejos\" \/>\n<meta property=\"og:description\" content=\"Poco antes de que se conociera el desprop\u00f3sito populista de #S\u00e1nchez en forma de pretenciosa \u201ccarta a la ciudadan\u00eda\u201d, manten\u00edamos un debate sobre la memoria democr\u00e1tica promovido por los socialistas espa\u00f1oles.\ud83d\udcfd\ufe0fEsta es mi intervenci\u00f3n\ud83d\udc47 pic.twitter.com\/8ORtIfrstb &mdash; F. Javier Zarzalejos Nieto (@FZarzalejos) April 25, 2024 On 24 April in the plenary session of the European Parliament,&hellip;\" \/>\n<meta property=\"og:url\" content=\"https:\/\/javierzarzalejos.eu\/en\/2024\/04\/24\/the-pp-denounces-the-psoes-whitewashing-of-bildu-and-dictators-like-maduro-in-the-european-parliament\/\" \/>\n<meta property=\"og:site_name\" content=\"P\u00e1gina oficial de Javier zarzalejos\" \/>\n<meta property=\"article:published_time\" content=\"2024-04-24T14:43:54+00:00\" \/>\n<meta property=\"article:modified_time\" content=\"2024-04-30T14:44:53+00:00\" \/>\n<meta name=\"author\" content=\"Best Marketing\" \/>\n<meta name=\"twitter:card\" content=\"summary_large_image\" \/>\n<meta name=\"twitter:label1\" content=\"Written by\" \/>\n\t<meta name=\"twitter:data1\" content=\"Best Marketing\" \/>\n\t<meta name=\"twitter:label2\" content=\"Est. reading time\" \/>\n\t<meta name=\"twitter:data2\" content=\"2 minutes\" \/>\n<script type=\"application\/ld+json\" class=\"yoast-schema-graph\">{\"@context\":\"https:\/\/schema.org\",\"@graph\":[{\"@type\":\"Article\",\"@id\":\"https:\/\/javierzarzalejos.eu\/en\/2024\/04\/24\/the-pp-denounces-the-psoes-whitewashing-of-bildu-and-dictators-like-maduro-in-the-european-parliament\/#article\",\"isPartOf\":{\"@id\":\"https:\/\/javierzarzalejos.eu\/en\/2024\/04\/24\/the-pp-denounces-the-psoes-whitewashing-of-bildu-and-dictators-like-maduro-in-the-european-parliament\/\"},\"author\":{\"name\":\"Best Marketing\",\"@id\":\"https:\/\/javierzarzalejos.eu\/#\/schema\/person\/13ce5858bfa202c31d5c5e1e24ad9cb8\"},\"headline\":\"THE PP DENOUNCES THE PSOE&#8217;S WHITEWASHING OF BILDU AND DICTATORS LIKE MADURO IN THE EUROPEAN PARLIAMENT\",\"datePublished\":\"2024-04-24T14:43:54+00:00\",\"dateModified\":\"2024-04-30T14:44:53+00:00\",\"mainEntityOfPage\":{\"@id\":\"https:\/\/javierzarzalejos.eu\/en\/2024\/04\/24\/the-pp-denounces-the-psoes-whitewashing-of-bildu-and-dictators-like-maduro-in-the-european-parliament\/\"},\"wordCount\":296,\"articleSection\":[\"Events\"],\"inLanguage\":\"en-US\"},{\"@type\":\"WebPage\",\"@id\":\"https:\/\/javierzarzalejos.eu\/en\/2024\/04\/24\/the-pp-denounces-the-psoes-whitewashing-of-bildu-and-dictators-like-maduro-in-the-european-parliament\/\",\"url\":\"https:\/\/javierzarzalejos.eu\/en\/2024\/04\/24\/the-pp-denounces-the-psoes-whitewashing-of-bildu-and-dictators-like-maduro-in-the-european-parliament\/\",\"name\":\"THE PP DENOUNCES THE PSOE'S WHITEWASHING OF BILDU AND DICTATORS LIKE MADURO IN THE EUROPEAN PARLIAMENT - P\u00e1gina oficial de Javier zarzalejos\",\"isPartOf\":{\"@id\":\"https:\/\/javierzarzalejos.eu\/#website\"},\"datePublished\":\"2024-04-24T14:43:54+00:00\",\"dateModified\":\"2024-04-30T14:44:53+00:00\",\"author\":{\"@id\":\"https:\/\/javierzarzalejos.eu\/#\/schema\/person\/13ce5858bfa202c31d5c5e1e24ad9cb8\"},\"breadcrumb\":{\"@id\":\"https:\/\/javierzarzalejos.eu\/en\/2024\/04\/24\/the-pp-denounces-the-psoes-whitewashing-of-bildu-and-dictators-like-maduro-in-the-european-parliament\/#breadcrumb\"},\"inLanguage\":\"en-US\",\"potentialAction\":[{\"@type\":\"ReadAction\",\"target\":[\"https:\/\/javierzarzalejos.eu\/en\/2024\/04\/24\/the-pp-denounces-the-psoes-whitewashing-of-bildu-and-dictators-like-maduro-in-the-european-parliament\/\"]}]},{\"@type\":\"BreadcrumbList\",\"@id\":\"https:\/\/javierzarzalejos.eu\/en\/2024\/04\/24\/the-pp-denounces-the-psoes-whitewashing-of-bildu-and-dictators-like-maduro-in-the-european-parliament\/#breadcrumb\",\"itemListElement\":[{\"@type\":\"ListItem\",\"position\":1,\"name\":\"Portada\",\"item\":\"https:\/\/javierzarzalejos.eu\/en\/\"},{\"@type\":\"ListItem\",\"position\":2,\"name\":\"THE PP DENOUNCES THE PSOE&#8217;S WHITEWASHING OF BILDU AND DICTATORS LIKE MADURO IN THE EUROPEAN PARLIAMENT\"}]},{\"@type\":\"WebSite\",\"@id\":\"https:\/\/javierzarzalejos.eu\/#website\",\"url\":\"https:\/\/javierzarzalejos.eu\/\",\"name\":\"P\u00e1gina oficial de Javier zarzalejos\",\"description\":\"P\u00e1gina oficial de Javier zarzalejos\",\"potentialAction\":[{\"@type\":\"SearchAction\",\"target\":{\"@type\":\"EntryPoint\",\"urlTemplate\":\"https:\/\/javierzarzalejos.eu\/?s={search_term_string}\"},\"query-input\":{\"@type\":\"PropertyValueSpecification\",\"valueRequired\":true,\"valueName\":\"search_term_string\"}}],\"inLanguage\":\"en-US\"},{\"@type\":\"Person\",\"@id\":\"https:\/\/javierzarzalejos.eu\/#\/schema\/person\/13ce5858bfa202c31d5c5e1e24ad9cb8\",\"name\":\"Best Marketing\",\"image\":{\"@type\":\"ImageObject\",\"inLanguage\":\"en-US\",\"@id\":\"https:\/\/javierzarzalejos.eu\/#\/schema\/person\/image\/\",\"url\":\"https:\/\/secure.gravatar.com\/avatar\/4b7f547520df08035ae60cfd8080cfcc71993ce08ded20c052bd207638c66171?s=96&d=mm&r=g\",\"contentUrl\":\"https:\/\/secure.gravatar.com\/avatar\/4b7f547520df08035ae60cfd8080cfcc71993ce08ded20c052bd207638c66171?s=96&d=mm&r=g\",\"caption\":\"Best Marketing\"},\"url\":\"https:\/\/javierzarzalejos.eu\/en\/author\/best-marketing-user\/\"}]}<\/script>\n<!-- \/ Yoast SEO plugin. -->","yoast_head_json":{"title":"THE PP DENOUNCES THE PSOE'S WHITEWASHING OF BILDU AND DICTATORS LIKE MADURO IN THE EUROPEAN PARLIAMENT - P\u00e1gina oficial de Javier zarzalejos","robots":{"index":"index","follow":"follow","max-snippet":"max-snippet:-1","max-image-preview":"max-image-preview:large","max-video-preview":"max-video-preview:-1"},"canonical":"https:\/\/javierzarzalejos.eu\/en\/2024\/04\/24\/the-pp-denounces-the-psoes-whitewashing-of-bildu-and-dictators-like-maduro-in-the-european-parliament\/","og_locale":"en_US","og_type":"article","og_title":"THE PP DENOUNCES THE PSOE'S WHITEWASHING OF BILDU AND DICTATORS LIKE MADURO IN THE EUROPEAN PARLIAMENT - P\u00e1gina oficial de Javier zarzalejos","og_description":"Poco antes de que se conociera el desprop\u00f3sito populista de #S\u00e1nchez en forma de pretenciosa \u201ccarta a la ciudadan\u00eda\u201d, manten\u00edamos un debate sobre la memoria democr\u00e1tica promovido por los socialistas espa\u00f1oles.\ud83d\udcfd\ufe0fEsta es mi intervenci\u00f3n\ud83d\udc47 pic.twitter.com\/8ORtIfrstb &mdash; F. Javier Zarzalejos Nieto (@FZarzalejos) April 25, 2024 On 24 April in the plenary session of the European Parliament,&hellip;","og_url":"https:\/\/javierzarzalejos.eu\/en\/2024\/04\/24\/the-pp-denounces-the-psoes-whitewashing-of-bildu-and-dictators-like-maduro-in-the-european-parliament\/","og_site_name":"P\u00e1gina oficial de Javier zarzalejos","article_published_time":"2024-04-24T14:43:54+00:00","article_modified_time":"2024-04-30T14:44:53+00:00","author":"Best Marketing","twitter_card":"summary_large_image","twitter_misc":{"Written by":"Best Marketing","Est. reading time":"2 minutes"},"schema":{"@context":"https:\/\/schema.org","@graph":[{"@type":"Article","@id":"https:\/\/javierzarzalejos.eu\/en\/2024\/04\/24\/the-pp-denounces-the-psoes-whitewashing-of-bildu-and-dictators-like-maduro-in-the-european-parliament\/#article","isPartOf":{"@id":"https:\/\/javierzarzalejos.eu\/en\/2024\/04\/24\/the-pp-denounces-the-psoes-whitewashing-of-bildu-and-dictators-like-maduro-in-the-european-parliament\/"},"author":{"name":"Best Marketing","@id":"https:\/\/javierzarzalejos.eu\/#\/schema\/person\/13ce5858bfa202c31d5c5e1e24ad9cb8"},"headline":"THE PP DENOUNCES THE PSOE&#8217;S WHITEWASHING OF BILDU AND DICTATORS LIKE MADURO IN THE EUROPEAN PARLIAMENT","datePublished":"2024-04-24T14:43:54+00:00","dateModified":"2024-04-30T14:44:53+00:00","mainEntityOfPage":{"@id":"https:\/\/javierzarzalejos.eu\/en\/2024\/04\/24\/the-pp-denounces-the-psoes-whitewashing-of-bildu-and-dictators-like-maduro-in-the-european-parliament\/"},"wordCount":296,"articleSection":["Events"],"inLanguage":"en-US"},{"@type":"WebPage","@id":"https:\/\/javierzarzalejos.eu\/en\/2024\/04\/24\/the-pp-denounces-the-psoes-whitewashing-of-bildu-and-dictators-like-maduro-in-the-european-parliament\/","url":"https:\/\/javierzarzalejos.eu\/en\/2024\/04\/24\/the-pp-denounces-the-psoes-whitewashing-of-bildu-and-dictators-like-maduro-in-the-european-parliament\/","name":"THE PP DENOUNCES THE PSOE'S WHITEWASHING OF BILDU AND DICTATORS LIKE MADURO IN THE EUROPEAN PARLIAMENT - P\u00e1gina oficial de Javier zarzalejos","isPartOf":{"@id":"https:\/\/javierzarzalejos.eu\/#website"},"datePublished":"2024-04-24T14:43:54+00:00","dateModified":"2024-04-30T14:44:53+00:00","author":{"@id":"https:\/\/javierzarzalejos.eu\/#\/schema\/person\/13ce5858bfa202c31d5c5e1e24ad9cb8"},"breadcrumb":{"@id":"https:\/\/javierzarzalejos.eu\/en\/2024\/04\/24\/the-pp-denounces-the-psoes-whitewashing-of-bildu-and-dictators-like-maduro-in-the-european-parliament\/#breadcrumb"},"inLanguage":"en-US","potentialAction":[{"@type":"ReadAction","target":["https:\/\/javierzarzalejos.eu\/en\/2024\/04\/24\/the-pp-denounces-the-psoes-whitewashing-of-bildu-and-dictators-like-maduro-in-the-european-parliament\/"]}]},{"@type":"BreadcrumbList","@id":"https:\/\/javierzarzalejos.eu\/en\/2024\/04\/24\/the-pp-denounces-the-psoes-whitewashing-of-bildu-and-dictators-like-maduro-in-the-european-parliament\/#breadcrumb","itemListElement":[{"@type":"ListItem","position":1,"name":"Portada","item":"https:\/\/javierzarzalejos.eu\/en\/"},{"@type":"ListItem","position":2,"name":"THE PP DENOUNCES THE PSOE&#8217;S WHITEWASHING OF BILDU AND DICTATORS LIKE MADURO IN THE EUROPEAN PARLIAMENT"}]},{"@type":"WebSite","@id":"https:\/\/javierzarzalejos.eu\/#website","url":"https:\/\/javierzarzalejos.eu\/","name":"P\u00e1gina oficial de Javier zarzalejos","description":"P\u00e1gina oficial de Javier zarzalejos","potentialAction":[{"@type":"SearchAction","target":{"@type":"EntryPoint","urlTemplate":"https:\/\/javierzarzalejos.eu\/?s={search_term_string}"},"query-input":{"@type":"PropertyValueSpecification","valueRequired":true,"valueName":"search_term_string"}}],"inLanguage":"en-US"},{"@type":"Person","@id":"https:\/\/javierzarzalejos.eu\/#\/schema\/person\/13ce5858bfa202c31d5c5e1e24ad9cb8","name":"Best Marketing","image":{"@type":"ImageObject","inLanguage":"en-US","@id":"https:\/\/javierzarzalejos.eu\/#\/schema\/person\/image\/","url":"https:\/\/secure.gravatar.com\/avatar\/4b7f547520df08035ae60cfd8080cfcc71993ce08ded20c052bd207638c66171?s=96&d=mm&r=g","contentUrl":"https:\/\/secure.gravatar.com\/avatar\/4b7f547520df08035ae60cfd8080cfcc71993ce08ded20c052bd207638c66171?s=96&d=mm&r=g","caption":"Best Marketing"},"url":"https:\/\/javierzarzalejos.eu\/en\/author\/best-marketing-user\/"}]}},"_links":{"self":[{"href":"https:\/\/javierzarzalejos.eu\/en\/wp-json\/wp\/v2\/posts\/16503","targetHints":{"allow":["GET"]}}],"collection":[{"href":"https:\/\/javierzarzalejos.eu\/en\/wp-json\/wp\/v2\/posts"}],"about":[{"href":"https:\/\/javierzarzalejos.eu\/en\/wp-json\/wp\/v2\/types\/post"}],"author":[{"embeddable":true,"href":"https:\/\/javierzarzalejos.eu\/en\/wp-json\/wp\/v2\/users\/1"}],"replies":[{"embeddable":true,"href":"https:\/\/javierzarzalejos.eu\/en\/wp-json\/wp\/v2\/comments?post=16503"}],"version-history":[{"count":1,"href":"https:\/\/javierzarzalejos.eu\/en\/wp-json\/wp\/v2\/posts\/16503\/revisions"}],"predecessor-version":[{"id":16504,"href":"https:\/\/javierzarzalejos.eu\/en\/wp-json\/wp\/v2\/posts\/16503\/revisions\/16504"}],"wp:attachment":[{"href":"https:\/\/javierzarzalejos.eu\/en\/wp-json\/wp\/v2\/media?parent=16503"}],"wp:term":[{"taxonomy":"category","embeddable":true,"href":"https:\/\/javierzarzalejos.eu\/en\/wp-json\/wp\/v2\/categories?post=16503"},{"taxonomy":"post_tag","embeddable":true,"href":"https:\/\/javierzarzalejos.eu\/en\/wp-json\/wp\/v2\/tags?post=16503"}],"curies":[{"name":"wp","href":"https:\/\/api.w.org\/{rel}","templated":true}]}}