{"id":6063,"date":"2022-03-10T12:56:07","date_gmt":"2022-03-10T11:56:07","guid":{"rendered":"https:\/\/javierzarzalejos.eu\/?p=6063"},"modified":"2022-03-25T12:57:37","modified_gmt":"2022-03-25T11:57:37","slug":"participation-in-the-meeting-the-information-war-in-the-invasion-of-ukraine-organized-by-terraza-europa","status":"publish","type":"post","link":"https:\/\/javierzarzalejos.eu\/en\/2022\/03\/10\/participation-in-the-meeting-the-information-war-in-the-invasion-of-ukraine-organized-by-terraza-europa\/","title":{"rendered":"PARTICIPATION IN THE MEETING &#8216;THE INFORMATION WAR IN THE INVASION OF UKRAINE&#8217;, ORGANIZED BY TERRAZA EUROPA"},"content":{"rendered":"<p><img loading=\"lazy\" decoding=\"async\" class=\"alignnone size-full wp-image-6057\" src=\"https:\/\/javierzarzalejos.eu\/wp-content\/uploads\/2022\/03\/TERRAZA-EUROPA1.jpg\" alt=\"\" width=\"2048\" height=\"1536\" srcset=\"https:\/\/javierzarzalejos.eu\/wp-content\/uploads\/2022\/03\/TERRAZA-EUROPA1.jpg 2048w, https:\/\/javierzarzalejos.eu\/wp-content\/uploads\/2022\/03\/TERRAZA-EUROPA1-300x225.jpg 300w, https:\/\/javierzarzalejos.eu\/wp-content\/uploads\/2022\/03\/TERRAZA-EUROPA1-1024x768.jpg 1024w, https:\/\/javierzarzalejos.eu\/wp-content\/uploads\/2022\/03\/TERRAZA-EUROPA1-768x576.jpg 768w, https:\/\/javierzarzalejos.eu\/wp-content\/uploads\/2022\/03\/TERRAZA-EUROPA1-1536x1152.jpg 1536w, https:\/\/javierzarzalejos.eu\/wp-content\/uploads\/2022\/03\/TERRAZA-EUROPA1-800x600.jpg 800w, https:\/\/javierzarzalejos.eu\/wp-content\/uploads\/2022\/03\/TERRAZA-EUROPA1-1280x960.jpg 1280w, https:\/\/javierzarzalejos.eu\/wp-content\/uploads\/2022\/03\/TERRAZA-EUROPA1-1920x1440.jpg 1920w\" sizes=\"auto, (max-width: 2048px) 100vw, 2048px\" \/><\/p>\n<p>On March 10, MEP Javier Zarzalejos participated together with Fernando Aranc\u00f3n, director of &#8216;El Orden Mundial&#8217; and Mar\u00eda Andr\u00e9s, director of the Office of the European Parliament in Spain, in the meeting &#8216;The Information War in the Invasion of Ukraine&#8217;, organized by the Office of the European Parliament in Spain.<\/p>\n<p>In his speech, Zarzalejos wanted to highlight that \u201cpowers called revisionists that have emerged in the world are developing very intense activity in terms of disinformation in a very broad sense. There is no doubt that Russia and China appear as the main actors in these disinformation and influence strategies that have undoubtedly Western democracies as an objective\u201d.<\/p>\n<p><img loading=\"lazy\" decoding=\"async\" class=\"alignnone size-full wp-image-6059\" src=\"https:\/\/javierzarzalejos.eu\/wp-content\/uploads\/2022\/03\/TERRAZA-EUROPA2.jpg\" alt=\"\" width=\"2048\" height=\"1536\" srcset=\"https:\/\/javierzarzalejos.eu\/wp-content\/uploads\/2022\/03\/TERRAZA-EUROPA2.jpg 2048w, https:\/\/javierzarzalejos.eu\/wp-content\/uploads\/2022\/03\/TERRAZA-EUROPA2-300x225.jpg 300w, https:\/\/javierzarzalejos.eu\/wp-content\/uploads\/2022\/03\/TERRAZA-EUROPA2-1024x768.jpg 1024w, https:\/\/javierzarzalejos.eu\/wp-content\/uploads\/2022\/03\/TERRAZA-EUROPA2-768x576.jpg 768w, https:\/\/javierzarzalejos.eu\/wp-content\/uploads\/2022\/03\/TERRAZA-EUROPA2-1536x1152.jpg 1536w, https:\/\/javierzarzalejos.eu\/wp-content\/uploads\/2022\/03\/TERRAZA-EUROPA2-800x600.jpg 800w, https:\/\/javierzarzalejos.eu\/wp-content\/uploads\/2022\/03\/TERRAZA-EUROPA2-1280x960.jpg 1280w, https:\/\/javierzarzalejos.eu\/wp-content\/uploads\/2022\/03\/TERRAZA-EUROPA2-1920x1440.jpg 1920w\" sizes=\"auto, (max-width: 2048px) 100vw, 2048px\" \/><\/p>\n<p>In his opinion, \u201cin the case of Russia there is a very clear line in its disinformation strategy with a narrative of the West as a society in decline, a society without moral springs incapable of defending itself, and with representative institutions that no longer represent the society&#8221;.<\/p>\n<p>He also stated that &#8220;it is clear that because of what is happening in Ukraine, Europe has woken up to the reality of disinformation, and to disinformation as an aggressive strategy.&#8221; \u201cThe Russian invasion in Ukraine is marking a new leap towards a perception in which all strategies of influence through digital media are incorporated, which can be called disinformation. We are waking up to a new reality that was already clearly warned,\u201d he added.<\/p>\n<p>The MEP also explained that this topic has been &#8220;analyzed through more than a year of work in the INGE Special Commission, which has produced a high-quality document, which is exhaustive in its analysis and has had the authority of investigative experts, which has placed the European Parliament at the forefront of the fight against disinformation and which marks a roadmap for European institutions and the different States.<\/p>\n<p><img loading=\"lazy\" decoding=\"async\" class=\"alignnone size-full wp-image-6061\" src=\"https:\/\/javierzarzalejos.eu\/wp-content\/uploads\/2022\/03\/TERRAZA-EUROPA3.jpg\" alt=\"\" width=\"1024\" height=\"768\" srcset=\"https:\/\/javierzarzalejos.eu\/wp-content\/uploads\/2022\/03\/TERRAZA-EUROPA3.jpg 1024w, https:\/\/javierzarzalejos.eu\/wp-content\/uploads\/2022\/03\/TERRAZA-EUROPA3-300x225.jpg 300w, https:\/\/javierzarzalejos.eu\/wp-content\/uploads\/2022\/03\/TERRAZA-EUROPA3-768x576.jpg 768w, https:\/\/javierzarzalejos.eu\/wp-content\/uploads\/2022\/03\/TERRAZA-EUROPA3-800x600.jpg 800w\" sizes=\"auto, (max-width: 1024px) 100vw, 1024px\" \/><\/p>\n","protected":false},"excerpt":{"rendered":"<p>On March 10, MEP Javier Zarzalejos participated together with Fernando Aranc\u00f3n, director of &#8216;El Orden Mundial&#8217; and Mar\u00eda Andr\u00e9s, director of the Office of the European Parliament in Spain, in the meeting &#8216;The Information War in the Invasion of Ukraine&#8217;, organized by the Office of the European Parliament in Spain. In his speech, Zarzalejos wanted&hellip;<\/p>\n","protected":false},"author":1,"featured_media":0,"comment_status":"closed","ping_status":"closed","sticky":false,"template":"","format":"standard","meta":{"inline_featured_image":false,"_monsterinsights_skip_tracking":false,"_monsterinsights_sitenote_active":false,"_monsterinsights_sitenote_note":"","_monsterinsights_sitenote_category":0,"_vp_format_video_url":"","_vp_image_focal_point":[],"footnotes":""},"categories":[14],"tags":[],"class_list":["post-6063","post","type-post","status-publish","format-standard","hentry","category-events"],"yoast_head":"<!-- This site is optimized with the Yoast SEO plugin v27.1.1 - https:\/\/yoast.com\/product\/yoast-seo-wordpress\/ -->\n<title>PARTICIPATION IN THE MEETING &#039;THE INFORMATION WAR IN THE INVASION OF UKRAINE&#039;, ORGANIZED BY TERRAZA EUROPA - P\u00e1gina oficial de Javier zarzalejos<\/title>\n<meta name=\"robots\" content=\"index, follow, max-snippet:-1, max-image-preview:large, max-video-preview:-1\" \/>\n<link rel=\"canonical\" href=\"https:\/\/javierzarzalejos.eu\/en\/2022\/03\/10\/participation-in-the-meeting-the-information-war-in-the-invasion-of-ukraine-organized-by-terraza-europa\/\" \/>\n<meta property=\"og:locale\" content=\"en_US\" \/>\n<meta property=\"og:type\" content=\"article\" \/>\n<meta property=\"og:title\" content=\"PARTICIPATION IN THE MEETING &#039;THE INFORMATION WAR IN THE INVASION OF UKRAINE&#039;, ORGANIZED BY TERRAZA EUROPA - P\u00e1gina oficial de Javier zarzalejos\" \/>\n<meta property=\"og:description\" content=\"On March 10, MEP Javier Zarzalejos participated together with Fernando Aranc\u00f3n, director of &#8216;El Orden Mundial&#8217; and Mar\u00eda Andr\u00e9s, director of the Office of the European Parliament in Spain, in the meeting &#8216;The Information War in the Invasion of Ukraine&#8217;, organized by the Office of the European Parliament in Spain. In his speech, Zarzalejos wanted&hellip;\" \/>\n<meta property=\"og:url\" content=\"https:\/\/javierzarzalejos.eu\/en\/2022\/03\/10\/participation-in-the-meeting-the-information-war-in-the-invasion-of-ukraine-organized-by-terraza-europa\/\" \/>\n<meta property=\"og:site_name\" content=\"P\u00e1gina oficial de Javier zarzalejos\" \/>\n<meta property=\"article:published_time\" content=\"2022-03-10T11:56:07+00:00\" \/>\n<meta property=\"article:modified_time\" content=\"2022-03-25T11:57:37+00:00\" \/>\n<meta property=\"og:image\" content=\"https:\/\/javierzarzalejos.eu\/wp-content\/uploads\/2022\/03\/TERRAZA-EUROPA1.jpg\" \/>\n<meta name=\"author\" content=\"Best Marketing\" \/>\n<meta name=\"twitter:card\" content=\"summary_large_image\" \/>\n<meta name=\"twitter:label1\" content=\"Written by\" \/>\n\t<meta name=\"twitter:data1\" content=\"Best Marketing\" \/>\n\t<meta name=\"twitter:label2\" content=\"Est. reading time\" \/>\n\t<meta name=\"twitter:data2\" content=\"2 minutes\" \/>\n<script type=\"application\/ld+json\" class=\"yoast-schema-graph\">{\"@context\":\"https:\/\/schema.org\",\"@graph\":[{\"@type\":\"Article\",\"@id\":\"https:\/\/javierzarzalejos.eu\/en\/2022\/03\/10\/participation-in-the-meeting-the-information-war-in-the-invasion-of-ukraine-organized-by-terraza-europa\/#article\",\"isPartOf\":{\"@id\":\"https:\/\/javierzarzalejos.eu\/en\/2022\/03\/10\/participation-in-the-meeting-the-information-war-in-the-invasion-of-ukraine-organized-by-terraza-europa\/\"},\"author\":{\"name\":\"Best Marketing\",\"@id\":\"https:\/\/javierzarzalejos.eu\/#\/schema\/person\/13ce5858bfa202c31d5c5e1e24ad9cb8\"},\"headline\":\"PARTICIPATION IN THE MEETING &#8216;THE INFORMATION WAR IN THE INVASION OF UKRAINE&#8217;, ORGANIZED BY TERRAZA EUROPA\",\"datePublished\":\"2022-03-10T11:56:07+00:00\",\"dateModified\":\"2022-03-25T11:57:37+00:00\",\"mainEntityOfPage\":{\"@id\":\"https:\/\/javierzarzalejos.eu\/en\/2022\/03\/10\/participation-in-the-meeting-the-information-war-in-the-invasion-of-ukraine-organized-by-terraza-europa\/\"},\"wordCount\":317,\"image\":{\"@id\":\"https:\/\/javierzarzalejos.eu\/en\/2022\/03\/10\/participation-in-the-meeting-the-information-war-in-the-invasion-of-ukraine-organized-by-terraza-europa\/#primaryimage\"},\"thumbnailUrl\":\"https:\/\/javierzarzalejos.eu\/wp-content\/uploads\/2022\/03\/TERRAZA-EUROPA1.jpg\",\"articleSection\":[\"Events\"],\"inLanguage\":\"en-US\"},{\"@type\":\"WebPage\",\"@id\":\"https:\/\/javierzarzalejos.eu\/en\/2022\/03\/10\/participation-in-the-meeting-the-information-war-in-the-invasion-of-ukraine-organized-by-terraza-europa\/\",\"url\":\"https:\/\/javierzarzalejos.eu\/en\/2022\/03\/10\/participation-in-the-meeting-the-information-war-in-the-invasion-of-ukraine-organized-by-terraza-europa\/\",\"name\":\"PARTICIPATION IN THE MEETING 'THE INFORMATION WAR IN THE INVASION OF UKRAINE', ORGANIZED BY TERRAZA EUROPA - P\u00e1gina oficial de Javier zarzalejos\",\"isPartOf\":{\"@id\":\"https:\/\/javierzarzalejos.eu\/#website\"},\"primaryImageOfPage\":{\"@id\":\"https:\/\/javierzarzalejos.eu\/en\/2022\/03\/10\/participation-in-the-meeting-the-information-war-in-the-invasion-of-ukraine-organized-by-terraza-europa\/#primaryimage\"},\"image\":{\"@id\":\"https:\/\/javierzarzalejos.eu\/en\/2022\/03\/10\/participation-in-the-meeting-the-information-war-in-the-invasion-of-ukraine-organized-by-terraza-europa\/#primaryimage\"},\"thumbnailUrl\":\"https:\/\/javierzarzalejos.eu\/wp-content\/uploads\/2022\/03\/TERRAZA-EUROPA1.jpg\",\"datePublished\":\"2022-03-10T11:56:07+00:00\",\"dateModified\":\"2022-03-25T11:57:37+00:00\",\"author\":{\"@id\":\"https:\/\/javierzarzalejos.eu\/#\/schema\/person\/13ce5858bfa202c31d5c5e1e24ad9cb8\"},\"breadcrumb\":{\"@id\":\"https:\/\/javierzarzalejos.eu\/en\/2022\/03\/10\/participation-in-the-meeting-the-information-war-in-the-invasion-of-ukraine-organized-by-terraza-europa\/#breadcrumb\"},\"inLanguage\":\"en-US\",\"potentialAction\":[{\"@type\":\"ReadAction\",\"target\":[\"https:\/\/javierzarzalejos.eu\/en\/2022\/03\/10\/participation-in-the-meeting-the-information-war-in-the-invasion-of-ukraine-organized-by-terraza-europa\/\"]}]},{\"@type\":\"ImageObject\",\"inLanguage\":\"en-US\",\"@id\":\"https:\/\/javierzarzalejos.eu\/en\/2022\/03\/10\/participation-in-the-meeting-the-information-war-in-the-invasion-of-ukraine-organized-by-terraza-europa\/#primaryimage\",\"url\":\"https:\/\/javierzarzalejos.eu\/wp-content\/uploads\/2022\/03\/TERRAZA-EUROPA1.jpg\",\"contentUrl\":\"https:\/\/javierzarzalejos.eu\/wp-content\/uploads\/2022\/03\/TERRAZA-EUROPA1.jpg\"},{\"@type\":\"BreadcrumbList\",\"@id\":\"https:\/\/javierzarzalejos.eu\/en\/2022\/03\/10\/participation-in-the-meeting-the-information-war-in-the-invasion-of-ukraine-organized-by-terraza-europa\/#breadcrumb\",\"itemListElement\":[{\"@type\":\"ListItem\",\"position\":1,\"name\":\"Portada\",\"item\":\"https:\/\/javierzarzalejos.eu\/en\/\"},{\"@type\":\"ListItem\",\"position\":2,\"name\":\"PARTICIPATION IN THE MEETING &#8216;THE INFORMATION WAR IN THE INVASION OF UKRAINE&#8217;, ORGANIZED BY TERRAZA EUROPA\"}]},{\"@type\":\"WebSite\",\"@id\":\"https:\/\/javierzarzalejos.eu\/#website\",\"url\":\"https:\/\/javierzarzalejos.eu\/\",\"name\":\"P\u00e1gina oficial de Javier zarzalejos\",\"description\":\"P\u00e1gina oficial de Javier zarzalejos\",\"potentialAction\":[{\"@type\":\"SearchAction\",\"target\":{\"@type\":\"EntryPoint\",\"urlTemplate\":\"https:\/\/javierzarzalejos.eu\/?s={search_term_string}\"},\"query-input\":{\"@type\":\"PropertyValueSpecification\",\"valueRequired\":true,\"valueName\":\"search_term_string\"}}],\"inLanguage\":\"en-US\"},{\"@type\":\"Person\",\"@id\":\"https:\/\/javierzarzalejos.eu\/#\/schema\/person\/13ce5858bfa202c31d5c5e1e24ad9cb8\",\"name\":\"Best Marketing\",\"image\":{\"@type\":\"ImageObject\",\"inLanguage\":\"en-US\",\"@id\":\"https:\/\/javierzarzalejos.eu\/#\/schema\/person\/image\/\",\"url\":\"https:\/\/secure.gravatar.com\/avatar\/4b7f547520df08035ae60cfd8080cfcc71993ce08ded20c052bd207638c66171?s=96&d=mm&r=g\",\"contentUrl\":\"https:\/\/secure.gravatar.com\/avatar\/4b7f547520df08035ae60cfd8080cfcc71993ce08ded20c052bd207638c66171?s=96&d=mm&r=g\",\"caption\":\"Best Marketing\"},\"url\":\"https:\/\/javierzarzalejos.eu\/en\/author\/best-marketing-user\/\"}]}<\/script>\n<!-- \/ Yoast SEO plugin. -->","yoast_head_json":{"title":"PARTICIPATION IN THE MEETING 'THE INFORMATION WAR IN THE INVASION OF UKRAINE', ORGANIZED BY TERRAZA EUROPA - P\u00e1gina oficial de Javier zarzalejos","robots":{"index":"index","follow":"follow","max-snippet":"max-snippet:-1","max-image-preview":"max-image-preview:large","max-video-preview":"max-video-preview:-1"},"canonical":"https:\/\/javierzarzalejos.eu\/en\/2022\/03\/10\/participation-in-the-meeting-the-information-war-in-the-invasion-of-ukraine-organized-by-terraza-europa\/","og_locale":"en_US","og_type":"article","og_title":"PARTICIPATION IN THE MEETING 'THE INFORMATION WAR IN THE INVASION OF UKRAINE', ORGANIZED BY TERRAZA EUROPA - P\u00e1gina oficial de Javier zarzalejos","og_description":"On March 10, MEP Javier Zarzalejos participated together with Fernando Aranc\u00f3n, director of &#8216;El Orden Mundial&#8217; and Mar\u00eda Andr\u00e9s, director of the Office of the European Parliament in Spain, in the meeting &#8216;The Information War in the Invasion of Ukraine&#8217;, organized by the Office of the European Parliament in Spain. In his speech, Zarzalejos wanted&hellip;","og_url":"https:\/\/javierzarzalejos.eu\/en\/2022\/03\/10\/participation-in-the-meeting-the-information-war-in-the-invasion-of-ukraine-organized-by-terraza-europa\/","og_site_name":"P\u00e1gina oficial de Javier zarzalejos","article_published_time":"2022-03-10T11:56:07+00:00","article_modified_time":"2022-03-25T11:57:37+00:00","og_image":[{"url":"https:\/\/javierzarzalejos.eu\/wp-content\/uploads\/2022\/03\/TERRAZA-EUROPA1.jpg","type":"","width":"","height":""}],"author":"Best Marketing","twitter_card":"summary_large_image","twitter_misc":{"Written by":"Best Marketing","Est. reading time":"2 minutes"},"schema":{"@context":"https:\/\/schema.org","@graph":[{"@type":"Article","@id":"https:\/\/javierzarzalejos.eu\/en\/2022\/03\/10\/participation-in-the-meeting-the-information-war-in-the-invasion-of-ukraine-organized-by-terraza-europa\/#article","isPartOf":{"@id":"https:\/\/javierzarzalejos.eu\/en\/2022\/03\/10\/participation-in-the-meeting-the-information-war-in-the-invasion-of-ukraine-organized-by-terraza-europa\/"},"author":{"name":"Best Marketing","@id":"https:\/\/javierzarzalejos.eu\/#\/schema\/person\/13ce5858bfa202c31d5c5e1e24ad9cb8"},"headline":"PARTICIPATION IN THE MEETING &#8216;THE INFORMATION WAR IN THE INVASION OF UKRAINE&#8217;, ORGANIZED BY TERRAZA EUROPA","datePublished":"2022-03-10T11:56:07+00:00","dateModified":"2022-03-25T11:57:37+00:00","mainEntityOfPage":{"@id":"https:\/\/javierzarzalejos.eu\/en\/2022\/03\/10\/participation-in-the-meeting-the-information-war-in-the-invasion-of-ukraine-organized-by-terraza-europa\/"},"wordCount":317,"image":{"@id":"https:\/\/javierzarzalejos.eu\/en\/2022\/03\/10\/participation-in-the-meeting-the-information-war-in-the-invasion-of-ukraine-organized-by-terraza-europa\/#primaryimage"},"thumbnailUrl":"https:\/\/javierzarzalejos.eu\/wp-content\/uploads\/2022\/03\/TERRAZA-EUROPA1.jpg","articleSection":["Events"],"inLanguage":"en-US"},{"@type":"WebPage","@id":"https:\/\/javierzarzalejos.eu\/en\/2022\/03\/10\/participation-in-the-meeting-the-information-war-in-the-invasion-of-ukraine-organized-by-terraza-europa\/","url":"https:\/\/javierzarzalejos.eu\/en\/2022\/03\/10\/participation-in-the-meeting-the-information-war-in-the-invasion-of-ukraine-organized-by-terraza-europa\/","name":"PARTICIPATION IN THE MEETING 'THE INFORMATION WAR IN THE INVASION OF UKRAINE', ORGANIZED BY TERRAZA EUROPA - P\u00e1gina oficial de Javier zarzalejos","isPartOf":{"@id":"https:\/\/javierzarzalejos.eu\/#website"},"primaryImageOfPage":{"@id":"https:\/\/javierzarzalejos.eu\/en\/2022\/03\/10\/participation-in-the-meeting-the-information-war-in-the-invasion-of-ukraine-organized-by-terraza-europa\/#primaryimage"},"image":{"@id":"https:\/\/javierzarzalejos.eu\/en\/2022\/03\/10\/participation-in-the-meeting-the-information-war-in-the-invasion-of-ukraine-organized-by-terraza-europa\/#primaryimage"},"thumbnailUrl":"https:\/\/javierzarzalejos.eu\/wp-content\/uploads\/2022\/03\/TERRAZA-EUROPA1.jpg","datePublished":"2022-03-10T11:56:07+00:00","dateModified":"2022-03-25T11:57:37+00:00","author":{"@id":"https:\/\/javierzarzalejos.eu\/#\/schema\/person\/13ce5858bfa202c31d5c5e1e24ad9cb8"},"breadcrumb":{"@id":"https:\/\/javierzarzalejos.eu\/en\/2022\/03\/10\/participation-in-the-meeting-the-information-war-in-the-invasion-of-ukraine-organized-by-terraza-europa\/#breadcrumb"},"inLanguage":"en-US","potentialAction":[{"@type":"ReadAction","target":["https:\/\/javierzarzalejos.eu\/en\/2022\/03\/10\/participation-in-the-meeting-the-information-war-in-the-invasion-of-ukraine-organized-by-terraza-europa\/"]}]},{"@type":"ImageObject","inLanguage":"en-US","@id":"https:\/\/javierzarzalejos.eu\/en\/2022\/03\/10\/participation-in-the-meeting-the-information-war-in-the-invasion-of-ukraine-organized-by-terraza-europa\/#primaryimage","url":"https:\/\/javierzarzalejos.eu\/wp-content\/uploads\/2022\/03\/TERRAZA-EUROPA1.jpg","contentUrl":"https:\/\/javierzarzalejos.eu\/wp-content\/uploads\/2022\/03\/TERRAZA-EUROPA1.jpg"},{"@type":"BreadcrumbList","@id":"https:\/\/javierzarzalejos.eu\/en\/2022\/03\/10\/participation-in-the-meeting-the-information-war-in-the-invasion-of-ukraine-organized-by-terraza-europa\/#breadcrumb","itemListElement":[{"@type":"ListItem","position":1,"name":"Portada","item":"https:\/\/javierzarzalejos.eu\/en\/"},{"@type":"ListItem","position":2,"name":"PARTICIPATION IN THE MEETING &#8216;THE INFORMATION WAR IN THE INVASION OF UKRAINE&#8217;, ORGANIZED BY TERRAZA EUROPA"}]},{"@type":"WebSite","@id":"https:\/\/javierzarzalejos.eu\/#website","url":"https:\/\/javierzarzalejos.eu\/","name":"P\u00e1gina oficial de Javier zarzalejos","description":"P\u00e1gina oficial de Javier zarzalejos","potentialAction":[{"@type":"SearchAction","target":{"@type":"EntryPoint","urlTemplate":"https:\/\/javierzarzalejos.eu\/?s={search_term_string}"},"query-input":{"@type":"PropertyValueSpecification","valueRequired":true,"valueName":"search_term_string"}}],"inLanguage":"en-US"},{"@type":"Person","@id":"https:\/\/javierzarzalejos.eu\/#\/schema\/person\/13ce5858bfa202c31d5c5e1e24ad9cb8","name":"Best Marketing","image":{"@type":"ImageObject","inLanguage":"en-US","@id":"https:\/\/javierzarzalejos.eu\/#\/schema\/person\/image\/","url":"https:\/\/secure.gravatar.com\/avatar\/4b7f547520df08035ae60cfd8080cfcc71993ce08ded20c052bd207638c66171?s=96&d=mm&r=g","contentUrl":"https:\/\/secure.gravatar.com\/avatar\/4b7f547520df08035ae60cfd8080cfcc71993ce08ded20c052bd207638c66171?s=96&d=mm&r=g","caption":"Best Marketing"},"url":"https:\/\/javierzarzalejos.eu\/en\/author\/best-marketing-user\/"}]}},"_links":{"self":[{"href":"https:\/\/javierzarzalejos.eu\/en\/wp-json\/wp\/v2\/posts\/6063","targetHints":{"allow":["GET"]}}],"collection":[{"href":"https:\/\/javierzarzalejos.eu\/en\/wp-json\/wp\/v2\/posts"}],"about":[{"href":"https:\/\/javierzarzalejos.eu\/en\/wp-json\/wp\/v2\/types\/post"}],"author":[{"embeddable":true,"href":"https:\/\/javierzarzalejos.eu\/en\/wp-json\/wp\/v2\/users\/1"}],"replies":[{"embeddable":true,"href":"https:\/\/javierzarzalejos.eu\/en\/wp-json\/wp\/v2\/comments?post=6063"}],"version-history":[{"count":2,"href":"https:\/\/javierzarzalejos.eu\/en\/wp-json\/wp\/v2\/posts\/6063\/revisions"}],"predecessor-version":[{"id":6065,"href":"https:\/\/javierzarzalejos.eu\/en\/wp-json\/wp\/v2\/posts\/6063\/revisions\/6065"}],"wp:attachment":[{"href":"https:\/\/javierzarzalejos.eu\/en\/wp-json\/wp\/v2\/media?parent=6063"}],"wp:term":[{"taxonomy":"category","embeddable":true,"href":"https:\/\/javierzarzalejos.eu\/en\/wp-json\/wp\/v2\/categories?post=6063"},{"taxonomy":"post_tag","embeddable":true,"href":"https:\/\/javierzarzalejos.eu\/en\/wp-json\/wp\/v2\/tags?post=6063"}],"curies":[{"name":"wp","href":"https:\/\/api.w.org\/{rel}","templated":true}]}}