{"id":6144,"date":"2022-04-21T12:25:06","date_gmt":"2022-04-21T10:25:06","guid":{"rendered":"https:\/\/javierzarzalejos.eu\/2022\/04\/21\/presentacion-del-libro-la-proteccion-del-orden-constitucional-en-europa\/"},"modified":"2022-04-21T15:25:01","modified_gmt":"2022-04-21T13:25:01","slug":"presentacion-del-libro-la-proteccion-del-orden-constitucional-en-europa","status":"publish","type":"post","link":"https:\/\/javierzarzalejos.eu\/en\/2022\/04\/21\/presentacion-del-libro-la-proteccion-del-orden-constitucional-en-europa\/","title":{"rendered":"PRESENTACI\u00d3N DEL LIBRO LA PROTECCI\u00d3N DEL ORDEN CONSTITUCIONAL EN EUROPA"},"content":{"rendered":"<p><img loading=\"lazy\" decoding=\"async\" class=\"alignnone size-full wp-image-6146\" src=\"https:\/\/javierzarzalejos.eu\/wp-content\/uploads\/2022\/04\/PRESENTACION-LIBRO-CONTITUCIONALISMO-1.png\" alt=\"\" width=\"1600\" height=\"900\" srcset=\"https:\/\/javierzarzalejos.eu\/wp-content\/uploads\/2022\/04\/PRESENTACION-LIBRO-CONTITUCIONALISMO-1.png 1600w, https:\/\/javierzarzalejos.eu\/wp-content\/uploads\/2022\/04\/PRESENTACION-LIBRO-CONTITUCIONALISMO-1-300x169.png 300w, https:\/\/javierzarzalejos.eu\/wp-content\/uploads\/2022\/04\/PRESENTACION-LIBRO-CONTITUCIONALISMO-1-1024x576.png 1024w, https:\/\/javierzarzalejos.eu\/wp-content\/uploads\/2022\/04\/PRESENTACION-LIBRO-CONTITUCIONALISMO-1-768x432.png 768w, https:\/\/javierzarzalejos.eu\/wp-content\/uploads\/2022\/04\/PRESENTACION-LIBRO-CONTITUCIONALISMO-1-1536x864.png 1536w, https:\/\/javierzarzalejos.eu\/wp-content\/uploads\/2022\/04\/PRESENTACION-LIBRO-CONTITUCIONALISMO-1-800x450.png 800w, https:\/\/javierzarzalejos.eu\/wp-content\/uploads\/2022\/04\/PRESENTACION-LIBRO-CONTITUCIONALISMO-1-1280x720.png 1280w\" sizes=\"auto, (max-width: 1600px) 100vw, 1600px\" \/><\/p>\n<p style=\"text-align: justify;\">El eurodiputado Javier Zarzalejos participar\u00e1 el pr\u00f3ximo jueves, 28 de abril, en la presentaci\u00f3n del libro <em>La protecci\u00f3n del orden constitucional en Europa.<\/em> El acto, que tendr\u00e1 ligar en Barcelona, ser\u00e1 a las 19:00 horas se realizar\u00e1 en la sala de actos de la Oficina del Parlamento Europeo en Barcelona.<\/p>\n<p style=\"text-align: justify;\">Junto a Javier Zarzalejos, participar\u00e1 en la presentaci\u00f3n el catedr\u00e1tico de Derecho Constitucional de la Universidad de Barcelona, Josep Mar\u00eda Castell\u00e1 Andreu.<\/p>\n<p style=\"text-align: justify;\">El libro recoge -bajo la direcci\u00f3n de Josep Maria Castell\u00e0 Andreu- colaboraciones de acad\u00e9micos de primer nivel en el campo del Derecho pol\u00edtico.<\/p>\n<p style=\"text-align: justify;\">En sus ocho cap\u00edtulos se abordan con profundidad y desde el m\u00e1ximo rigor, cuestiones de plena actualidad que han protagonizado -y seguir\u00e1n haci\u00e9ndolo- debates del mayor calado y trascendencia pol\u00edtica tanto en Espa\u00f1a como en el resto de Europa: desde el planteamiento te\u00f3rico sobre el concepto mismo de defensa del orden constitucional, pasando por la reforma constitucional y las cl\u00e1usulas de intangibilidad, los nuevos desaf\u00edos para la defensa de la democracia constitucional, las situaciones de emergencia constitucional en la UE, la protecci\u00f3n de la unidad nacional y de la integridad territorial frente a los intentos de secesi\u00f3n en el Derecho comparado y la protecci\u00f3n penal del orden constitucional espa\u00f1ol, hasta un cap\u00edtulo final dedicado a la educaci\u00f3n y el orden constitucional.<\/p>\n<p style=\"text-align: justify;\">Como anuncia su contraportada, \u201cen tiempos de erosi\u00f3n de las instituciones de la democracia constitucional y del Estado de derecho y de aprobaci\u00f3n de reformas legislativas e incluso constitucionales por parte de gobiernos y mayor\u00edas populistas, resulta no solo conveniente sino tambi\u00e9n necesario plantearse c\u00f3mo afrontar tales crisis pol\u00edticas y constitucionales\u201d.<\/p>\n<p style=\"text-align: justify;\">La solvencia acad\u00e9mica de los autores de los textos que integran el volumen y la altura de su reflexi\u00f3n convierten esta novedad editorial, desde el momento mismo de su publicaci\u00f3n, en un libro de referencia en su \u00e1mbito, cuya \u201cmejor recomendaci\u00f3n\u201d, como afirma Zarzalejos en el pr\u00f3logo, \u201ces su oportunidad\u201d.<\/p>\n<p>&nbsp;<\/p>\n","protected":false},"excerpt":{"rendered":"<p>El eurodiputado Javier Zarzalejos participar\u00e1 el pr\u00f3ximo jueves, 28 de abril, en la presentaci\u00f3n del libro La protecci\u00f3n del orden constitucional en Europa. El acto, que tendr\u00e1 ligar en Barcelona, ser\u00e1 a las 19:00 horas se realizar\u00e1 en la sala de actos de la Oficina del Parlamento Europeo en Barcelona. Junto a Javier Zarzalejos, participar\u00e1&hellip;<\/p>\n","protected":false},"author":1,"featured_media":6147,"comment_status":"closed","ping_status":"closed","sticky":false,"template":"","format":"standard","meta":{"inline_featured_image":false,"_monsterinsights_skip_tracking":false,"_monsterinsights_sitenote_active":false,"_monsterinsights_sitenote_note":"","_monsterinsights_sitenote_category":0,"_vp_format_video_url":"","_vp_image_focal_point":[],"footnotes":""},"categories":[14],"tags":[],"class_list":["post-6144","post","type-post","status-publish","format-standard","has-post-thumbnail","hentry","category-events"],"yoast_head":"<!-- This site is optimized with the Yoast SEO plugin v27.1.1 - https:\/\/yoast.com\/product\/yoast-seo-wordpress\/ -->\n<title>PRESENTACI\u00d3N DEL LIBRO LA PROTECCI\u00d3N DEL ORDEN CONSTITUCIONAL EN EUROPA - P\u00e1gina oficial de Javier zarzalejos<\/title>\n<meta name=\"robots\" content=\"index, follow, max-snippet:-1, max-image-preview:large, max-video-preview:-1\" \/>\n<link rel=\"canonical\" href=\"https:\/\/javierzarzalejos.eu\/en\/2022\/04\/21\/presentacion-del-libro-la-proteccion-del-orden-constitucional-en-europa\/\" \/>\n<meta property=\"og:locale\" content=\"en_US\" \/>\n<meta property=\"og:type\" content=\"article\" \/>\n<meta property=\"og:title\" content=\"PRESENTACI\u00d3N DEL LIBRO LA PROTECCI\u00d3N DEL ORDEN CONSTITUCIONAL EN EUROPA - P\u00e1gina oficial de Javier zarzalejos\" \/>\n<meta property=\"og:description\" content=\"El eurodiputado Javier Zarzalejos participar\u00e1 el pr\u00f3ximo jueves, 28 de abril, en la presentaci\u00f3n del libro La protecci\u00f3n del orden constitucional en Europa. El acto, que tendr\u00e1 ligar en Barcelona, ser\u00e1 a las 19:00 horas se realizar\u00e1 en la sala de actos de la Oficina del Parlamento Europeo en Barcelona. Junto a Javier Zarzalejos, participar\u00e1&hellip;\" \/>\n<meta property=\"og:url\" content=\"https:\/\/javierzarzalejos.eu\/en\/2022\/04\/21\/presentacion-del-libro-la-proteccion-del-orden-constitucional-en-europa\/\" \/>\n<meta property=\"og:site_name\" content=\"P\u00e1gina oficial de Javier zarzalejos\" \/>\n<meta property=\"article:published_time\" content=\"2022-04-21T10:25:06+00:00\" \/>\n<meta property=\"article:modified_time\" content=\"2022-04-21T13:25:01+00:00\" \/>\n<meta property=\"og:image\" content=\"https:\/\/javierzarzalejos.eu\/wp-content\/uploads\/2022\/04\/PRESENTACION-LIBRO-CONTITUCIONALISMO-1.png\" \/>\n\t<meta property=\"og:image:width\" content=\"1600\" \/>\n\t<meta property=\"og:image:height\" content=\"900\" \/>\n\t<meta property=\"og:image:type\" content=\"image\/png\" \/>\n<meta name=\"author\" content=\"Best Marketing\" \/>\n<meta name=\"twitter:card\" content=\"summary_large_image\" \/>\n<meta name=\"twitter:label1\" content=\"Written by\" \/>\n\t<meta name=\"twitter:data1\" content=\"Best Marketing\" \/>\n\t<meta name=\"twitter:label2\" content=\"Est. reading time\" \/>\n\t<meta name=\"twitter:data2\" content=\"2 minutes\" \/>\n<script type=\"application\/ld+json\" class=\"yoast-schema-graph\">{\"@context\":\"https:\/\/schema.org\",\"@graph\":[{\"@type\":\"Article\",\"@id\":\"https:\/\/javierzarzalejos.eu\/en\/2022\/04\/21\/presentacion-del-libro-la-proteccion-del-orden-constitucional-en-europa\/#article\",\"isPartOf\":{\"@id\":\"https:\/\/javierzarzalejos.eu\/en\/2022\/04\/21\/presentacion-del-libro-la-proteccion-del-orden-constitucional-en-europa\/\"},\"author\":{\"name\":\"Best Marketing\",\"@id\":\"https:\/\/javierzarzalejos.eu\/#\/schema\/person\/13ce5858bfa202c31d5c5e1e24ad9cb8\"},\"headline\":\"PRESENTACI\u00d3N DEL LIBRO LA PROTECCI\u00d3N DEL ORDEN CONSTITUCIONAL EN EUROPA\",\"datePublished\":\"2022-04-21T10:25:06+00:00\",\"dateModified\":\"2022-04-21T13:25:01+00:00\",\"mainEntityOfPage\":{\"@id\":\"https:\/\/javierzarzalejos.eu\/en\/2022\/04\/21\/presentacion-del-libro-la-proteccion-del-orden-constitucional-en-europa\/\"},\"wordCount\":363,\"image\":{\"@id\":\"https:\/\/javierzarzalejos.eu\/en\/2022\/04\/21\/presentacion-del-libro-la-proteccion-del-orden-constitucional-en-europa\/#primaryimage\"},\"thumbnailUrl\":\"https:\/\/javierzarzalejos.eu\/wp-content\/uploads\/2022\/04\/PRESENTACION-LIBRO-CONTITUCIONALISMO-1.png\",\"articleSection\":[\"Events\"],\"inLanguage\":\"en-US\"},{\"@type\":\"WebPage\",\"@id\":\"https:\/\/javierzarzalejos.eu\/en\/2022\/04\/21\/presentacion-del-libro-la-proteccion-del-orden-constitucional-en-europa\/\",\"url\":\"https:\/\/javierzarzalejos.eu\/en\/2022\/04\/21\/presentacion-del-libro-la-proteccion-del-orden-constitucional-en-europa\/\",\"name\":\"PRESENTACI\u00d3N DEL LIBRO LA PROTECCI\u00d3N DEL ORDEN CONSTITUCIONAL EN EUROPA - P\u00e1gina oficial de Javier zarzalejos\",\"isPartOf\":{\"@id\":\"https:\/\/javierzarzalejos.eu\/#website\"},\"primaryImageOfPage\":{\"@id\":\"https:\/\/javierzarzalejos.eu\/en\/2022\/04\/21\/presentacion-del-libro-la-proteccion-del-orden-constitucional-en-europa\/#primaryimage\"},\"image\":{\"@id\":\"https:\/\/javierzarzalejos.eu\/en\/2022\/04\/21\/presentacion-del-libro-la-proteccion-del-orden-constitucional-en-europa\/#primaryimage\"},\"thumbnailUrl\":\"https:\/\/javierzarzalejos.eu\/wp-content\/uploads\/2022\/04\/PRESENTACION-LIBRO-CONTITUCIONALISMO-1.png\",\"datePublished\":\"2022-04-21T10:25:06+00:00\",\"dateModified\":\"2022-04-21T13:25:01+00:00\",\"author\":{\"@id\":\"https:\/\/javierzarzalejos.eu\/#\/schema\/person\/13ce5858bfa202c31d5c5e1e24ad9cb8\"},\"breadcrumb\":{\"@id\":\"https:\/\/javierzarzalejos.eu\/en\/2022\/04\/21\/presentacion-del-libro-la-proteccion-del-orden-constitucional-en-europa\/#breadcrumb\"},\"inLanguage\":\"en-US\",\"potentialAction\":[{\"@type\":\"ReadAction\",\"target\":[\"https:\/\/javierzarzalejos.eu\/en\/2022\/04\/21\/presentacion-del-libro-la-proteccion-del-orden-constitucional-en-europa\/\"]}]},{\"@type\":\"ImageObject\",\"inLanguage\":\"en-US\",\"@id\":\"https:\/\/javierzarzalejos.eu\/en\/2022\/04\/21\/presentacion-del-libro-la-proteccion-del-orden-constitucional-en-europa\/#primaryimage\",\"url\":\"https:\/\/javierzarzalejos.eu\/wp-content\/uploads\/2022\/04\/PRESENTACION-LIBRO-CONTITUCIONALISMO-1.png\",\"contentUrl\":\"https:\/\/javierzarzalejos.eu\/wp-content\/uploads\/2022\/04\/PRESENTACION-LIBRO-CONTITUCIONALISMO-1.png\",\"width\":1600,\"height\":900},{\"@type\":\"BreadcrumbList\",\"@id\":\"https:\/\/javierzarzalejos.eu\/en\/2022\/04\/21\/presentacion-del-libro-la-proteccion-del-orden-constitucional-en-europa\/#breadcrumb\",\"itemListElement\":[{\"@type\":\"ListItem\",\"position\":1,\"name\":\"Portada\",\"item\":\"https:\/\/javierzarzalejos.eu\/en\/\"},{\"@type\":\"ListItem\",\"position\":2,\"name\":\"PRESENTACI\u00d3N DEL LIBRO LA PROTECCI\u00d3N DEL ORDEN CONSTITUCIONAL EN EUROPA\"}]},{\"@type\":\"WebSite\",\"@id\":\"https:\/\/javierzarzalejos.eu\/#website\",\"url\":\"https:\/\/javierzarzalejos.eu\/\",\"name\":\"P\u00e1gina oficial de Javier zarzalejos\",\"description\":\"P\u00e1gina oficial de Javier zarzalejos\",\"potentialAction\":[{\"@type\":\"SearchAction\",\"target\":{\"@type\":\"EntryPoint\",\"urlTemplate\":\"https:\/\/javierzarzalejos.eu\/?s={search_term_string}\"},\"query-input\":{\"@type\":\"PropertyValueSpecification\",\"valueRequired\":true,\"valueName\":\"search_term_string\"}}],\"inLanguage\":\"en-US\"},{\"@type\":\"Person\",\"@id\":\"https:\/\/javierzarzalejos.eu\/#\/schema\/person\/13ce5858bfa202c31d5c5e1e24ad9cb8\",\"name\":\"Best Marketing\",\"image\":{\"@type\":\"ImageObject\",\"inLanguage\":\"en-US\",\"@id\":\"https:\/\/javierzarzalejos.eu\/#\/schema\/person\/image\/\",\"url\":\"https:\/\/secure.gravatar.com\/avatar\/4b7f547520df08035ae60cfd8080cfcc71993ce08ded20c052bd207638c66171?s=96&d=mm&r=g\",\"contentUrl\":\"https:\/\/secure.gravatar.com\/avatar\/4b7f547520df08035ae60cfd8080cfcc71993ce08ded20c052bd207638c66171?s=96&d=mm&r=g\",\"caption\":\"Best Marketing\"},\"url\":\"https:\/\/javierzarzalejos.eu\/en\/author\/best-marketing-user\/\"}]}<\/script>\n<!-- \/ Yoast SEO plugin. -->","yoast_head_json":{"title":"PRESENTACI\u00d3N DEL LIBRO LA PROTECCI\u00d3N DEL ORDEN CONSTITUCIONAL EN EUROPA - P\u00e1gina oficial de Javier zarzalejos","robots":{"index":"index","follow":"follow","max-snippet":"max-snippet:-1","max-image-preview":"max-image-preview:large","max-video-preview":"max-video-preview:-1"},"canonical":"https:\/\/javierzarzalejos.eu\/en\/2022\/04\/21\/presentacion-del-libro-la-proteccion-del-orden-constitucional-en-europa\/","og_locale":"en_US","og_type":"article","og_title":"PRESENTACI\u00d3N DEL LIBRO LA PROTECCI\u00d3N DEL ORDEN CONSTITUCIONAL EN EUROPA - P\u00e1gina oficial de Javier zarzalejos","og_description":"El eurodiputado Javier Zarzalejos participar\u00e1 el pr\u00f3ximo jueves, 28 de abril, en la presentaci\u00f3n del libro La protecci\u00f3n del orden constitucional en Europa. El acto, que tendr\u00e1 ligar en Barcelona, ser\u00e1 a las 19:00 horas se realizar\u00e1 en la sala de actos de la Oficina del Parlamento Europeo en Barcelona. Junto a Javier Zarzalejos, participar\u00e1&hellip;","og_url":"https:\/\/javierzarzalejos.eu\/en\/2022\/04\/21\/presentacion-del-libro-la-proteccion-del-orden-constitucional-en-europa\/","og_site_name":"P\u00e1gina oficial de Javier zarzalejos","article_published_time":"2022-04-21T10:25:06+00:00","article_modified_time":"2022-04-21T13:25:01+00:00","og_image":[{"width":1600,"height":900,"url":"https:\/\/javierzarzalejos.eu\/wp-content\/uploads\/2022\/04\/PRESENTACION-LIBRO-CONTITUCIONALISMO-1.png","type":"image\/png"}],"author":"Best Marketing","twitter_card":"summary_large_image","twitter_misc":{"Written by":"Best Marketing","Est. reading time":"2 minutes"},"schema":{"@context":"https:\/\/schema.org","@graph":[{"@type":"Article","@id":"https:\/\/javierzarzalejos.eu\/en\/2022\/04\/21\/presentacion-del-libro-la-proteccion-del-orden-constitucional-en-europa\/#article","isPartOf":{"@id":"https:\/\/javierzarzalejos.eu\/en\/2022\/04\/21\/presentacion-del-libro-la-proteccion-del-orden-constitucional-en-europa\/"},"author":{"name":"Best Marketing","@id":"https:\/\/javierzarzalejos.eu\/#\/schema\/person\/13ce5858bfa202c31d5c5e1e24ad9cb8"},"headline":"PRESENTACI\u00d3N DEL LIBRO LA PROTECCI\u00d3N DEL ORDEN CONSTITUCIONAL EN EUROPA","datePublished":"2022-04-21T10:25:06+00:00","dateModified":"2022-04-21T13:25:01+00:00","mainEntityOfPage":{"@id":"https:\/\/javierzarzalejos.eu\/en\/2022\/04\/21\/presentacion-del-libro-la-proteccion-del-orden-constitucional-en-europa\/"},"wordCount":363,"image":{"@id":"https:\/\/javierzarzalejos.eu\/en\/2022\/04\/21\/presentacion-del-libro-la-proteccion-del-orden-constitucional-en-europa\/#primaryimage"},"thumbnailUrl":"https:\/\/javierzarzalejos.eu\/wp-content\/uploads\/2022\/04\/PRESENTACION-LIBRO-CONTITUCIONALISMO-1.png","articleSection":["Events"],"inLanguage":"en-US"},{"@type":"WebPage","@id":"https:\/\/javierzarzalejos.eu\/en\/2022\/04\/21\/presentacion-del-libro-la-proteccion-del-orden-constitucional-en-europa\/","url":"https:\/\/javierzarzalejos.eu\/en\/2022\/04\/21\/presentacion-del-libro-la-proteccion-del-orden-constitucional-en-europa\/","name":"PRESENTACI\u00d3N DEL LIBRO LA PROTECCI\u00d3N DEL ORDEN CONSTITUCIONAL EN EUROPA - P\u00e1gina oficial de Javier zarzalejos","isPartOf":{"@id":"https:\/\/javierzarzalejos.eu\/#website"},"primaryImageOfPage":{"@id":"https:\/\/javierzarzalejos.eu\/en\/2022\/04\/21\/presentacion-del-libro-la-proteccion-del-orden-constitucional-en-europa\/#primaryimage"},"image":{"@id":"https:\/\/javierzarzalejos.eu\/en\/2022\/04\/21\/presentacion-del-libro-la-proteccion-del-orden-constitucional-en-europa\/#primaryimage"},"thumbnailUrl":"https:\/\/javierzarzalejos.eu\/wp-content\/uploads\/2022\/04\/PRESENTACION-LIBRO-CONTITUCIONALISMO-1.png","datePublished":"2022-04-21T10:25:06+00:00","dateModified":"2022-04-21T13:25:01+00:00","author":{"@id":"https:\/\/javierzarzalejos.eu\/#\/schema\/person\/13ce5858bfa202c31d5c5e1e24ad9cb8"},"breadcrumb":{"@id":"https:\/\/javierzarzalejos.eu\/en\/2022\/04\/21\/presentacion-del-libro-la-proteccion-del-orden-constitucional-en-europa\/#breadcrumb"},"inLanguage":"en-US","potentialAction":[{"@type":"ReadAction","target":["https:\/\/javierzarzalejos.eu\/en\/2022\/04\/21\/presentacion-del-libro-la-proteccion-del-orden-constitucional-en-europa\/"]}]},{"@type":"ImageObject","inLanguage":"en-US","@id":"https:\/\/javierzarzalejos.eu\/en\/2022\/04\/21\/presentacion-del-libro-la-proteccion-del-orden-constitucional-en-europa\/#primaryimage","url":"https:\/\/javierzarzalejos.eu\/wp-content\/uploads\/2022\/04\/PRESENTACION-LIBRO-CONTITUCIONALISMO-1.png","contentUrl":"https:\/\/javierzarzalejos.eu\/wp-content\/uploads\/2022\/04\/PRESENTACION-LIBRO-CONTITUCIONALISMO-1.png","width":1600,"height":900},{"@type":"BreadcrumbList","@id":"https:\/\/javierzarzalejos.eu\/en\/2022\/04\/21\/presentacion-del-libro-la-proteccion-del-orden-constitucional-en-europa\/#breadcrumb","itemListElement":[{"@type":"ListItem","position":1,"name":"Portada","item":"https:\/\/javierzarzalejos.eu\/en\/"},{"@type":"ListItem","position":2,"name":"PRESENTACI\u00d3N DEL LIBRO LA PROTECCI\u00d3N DEL ORDEN CONSTITUCIONAL EN EUROPA"}]},{"@type":"WebSite","@id":"https:\/\/javierzarzalejos.eu\/#website","url":"https:\/\/javierzarzalejos.eu\/","name":"P\u00e1gina oficial de Javier zarzalejos","description":"P\u00e1gina oficial de Javier zarzalejos","potentialAction":[{"@type":"SearchAction","target":{"@type":"EntryPoint","urlTemplate":"https:\/\/javierzarzalejos.eu\/?s={search_term_string}"},"query-input":{"@type":"PropertyValueSpecification","valueRequired":true,"valueName":"search_term_string"}}],"inLanguage":"en-US"},{"@type":"Person","@id":"https:\/\/javierzarzalejos.eu\/#\/schema\/person\/13ce5858bfa202c31d5c5e1e24ad9cb8","name":"Best Marketing","image":{"@type":"ImageObject","inLanguage":"en-US","@id":"https:\/\/javierzarzalejos.eu\/#\/schema\/person\/image\/","url":"https:\/\/secure.gravatar.com\/avatar\/4b7f547520df08035ae60cfd8080cfcc71993ce08ded20c052bd207638c66171?s=96&d=mm&r=g","contentUrl":"https:\/\/secure.gravatar.com\/avatar\/4b7f547520df08035ae60cfd8080cfcc71993ce08ded20c052bd207638c66171?s=96&d=mm&r=g","caption":"Best Marketing"},"url":"https:\/\/javierzarzalejos.eu\/en\/author\/best-marketing-user\/"}]}},"_links":{"self":[{"href":"https:\/\/javierzarzalejos.eu\/en\/wp-json\/wp\/v2\/posts\/6144","targetHints":{"allow":["GET"]}}],"collection":[{"href":"https:\/\/javierzarzalejos.eu\/en\/wp-json\/wp\/v2\/posts"}],"about":[{"href":"https:\/\/javierzarzalejos.eu\/en\/wp-json\/wp\/v2\/types\/post"}],"author":[{"embeddable":true,"href":"https:\/\/javierzarzalejos.eu\/en\/wp-json\/wp\/v2\/users\/1"}],"replies":[{"embeddable":true,"href":"https:\/\/javierzarzalejos.eu\/en\/wp-json\/wp\/v2\/comments?post=6144"}],"version-history":[{"count":2,"href":"https:\/\/javierzarzalejos.eu\/en\/wp-json\/wp\/v2\/posts\/6144\/revisions"}],"predecessor-version":[{"id":6149,"href":"https:\/\/javierzarzalejos.eu\/en\/wp-json\/wp\/v2\/posts\/6144\/revisions\/6149"}],"wp:featuredmedia":[{"embeddable":true,"href":"https:\/\/javierzarzalejos.eu\/en\/wp-json\/wp\/v2\/media\/6147"}],"wp:attachment":[{"href":"https:\/\/javierzarzalejos.eu\/en\/wp-json\/wp\/v2\/media?parent=6144"}],"wp:term":[{"taxonomy":"category","embeddable":true,"href":"https:\/\/javierzarzalejos.eu\/en\/wp-json\/wp\/v2\/categories?post=6144"},{"taxonomy":"post_tag","embeddable":true,"href":"https:\/\/javierzarzalejos.eu\/en\/wp-json\/wp\/v2\/tags?post=6144"}],"curies":[{"name":"wp","href":"https:\/\/api.w.org\/{rel}","templated":true}]}}