{"id":7560,"date":"2022-06-02T13:33:00","date_gmt":"2022-06-02T11:33:00","guid":{"rendered":"https:\/\/javierzarzalejos.eu\/?p=7560"},"modified":"2022-10-25T13:36:35","modified_gmt":"2022-10-25T11:36:35","slug":"visit-of-the-students-of-the-reyes-catolicos-secondary-education-institute-of-velez-malaga","status":"publish","type":"post","link":"https:\/\/javierzarzalejos.eu\/en\/2022\/06\/02\/visit-of-the-students-of-the-reyes-catolicos-secondary-education-institute-of-velez-malaga\/","title":{"rendered":"VISIT OF THE STUDENTS OF THE REYES CAT\u00d3LICOS SECONDARY EDUCATION INSTITUTE OF V\u00c9LEZ-M\u00c1LAGA"},"content":{"rendered":"<p><img loading=\"lazy\" decoding=\"async\" class=\"alignnone size-full wp-image-7558\" src=\"https:\/\/javierzarzalejos.eu\/wp-content\/uploads\/2022\/10\/VISITA-ALUMNOS-VELEZ-MALAGA1.jpg\" alt=\"\" width=\"1024\" height=\"768\" srcset=\"https:\/\/javierzarzalejos.eu\/wp-content\/uploads\/2022\/10\/VISITA-ALUMNOS-VELEZ-MALAGA1.jpg 1024w, https:\/\/javierzarzalejos.eu\/wp-content\/uploads\/2022\/10\/VISITA-ALUMNOS-VELEZ-MALAGA1-300x225.jpg 300w, https:\/\/javierzarzalejos.eu\/wp-content\/uploads\/2022\/10\/VISITA-ALUMNOS-VELEZ-MALAGA1-768x576.jpg 768w, https:\/\/javierzarzalejos.eu\/wp-content\/uploads\/2022\/10\/VISITA-ALUMNOS-VELEZ-MALAGA1-800x600.jpg 800w\" sizes=\"auto, (max-width: 1024px) 100vw, 1024px\" \/><\/p>\n<p style=\"text-align: justify;\">On June 2, MEP Javier Zarzalejos received a group of students from the Reyes Cat\u00f3licos Secondary Education Institute in V\u00e9lez-M\u00e1laga at the European Parliament.<\/p>\n<p style=\"text-align: justify;\">During this meeting, the MEP encouraged the students to see Europe not only as a place to visit but also as a land of opportunities for their future.<\/p>\n<p style=\"text-align: justify;\">He also pointed out that the sustainability of the Spanish economy cannot be explained without the help of the European Union and the European Central Bank.<\/p>\n<p style=\"text-align: justify;\">The MEP spoke of the transition to a digital economy, only possible within the European Union when competing with large economies such as the United States or China.<\/p>\n<p style=\"text-align: justify;\">Finally, he highlighted the role of the European Union as a fundamental space for all Member States to guarantee a democratic system and the rule of law.<\/p>\n","protected":false},"excerpt":{"rendered":"<p>On June 2, MEP Javier Zarzalejos received a group of students from the Reyes Cat\u00f3licos Secondary Education Institute in V\u00e9lez-M\u00e1laga at the European Parliament. During this meeting, the MEP encouraged the students to see Europe not only as a place to visit but also as a land of opportunities for their future. He also pointed&hellip;<\/p>\n","protected":false},"author":1,"featured_media":0,"comment_status":"closed","ping_status":"closed","sticky":false,"template":"","format":"standard","meta":{"inline_featured_image":false,"_monsterinsights_skip_tracking":false,"_monsterinsights_sitenote_active":false,"_monsterinsights_sitenote_note":"","_monsterinsights_sitenote_category":0,"_vp_format_video_url":"","_vp_image_focal_point":[],"footnotes":""},"categories":[14],"tags":[],"class_list":["post-7560","post","type-post","status-publish","format-standard","hentry","category-events"],"yoast_head":"<!-- This site is optimized with the Yoast SEO plugin v27.1.1 - https:\/\/yoast.com\/product\/yoast-seo-wordpress\/ -->\n<title>VISIT OF THE STUDENTS OF THE REYES CAT\u00d3LICOS SECONDARY EDUCATION INSTITUTE OF V\u00c9LEZ-M\u00c1LAGA - P\u00e1gina oficial de Javier zarzalejos<\/title>\n<meta name=\"robots\" content=\"index, follow, max-snippet:-1, max-image-preview:large, max-video-preview:-1\" \/>\n<link rel=\"canonical\" href=\"https:\/\/javierzarzalejos.eu\/en\/2022\/06\/02\/visit-of-the-students-of-the-reyes-catolicos-secondary-education-institute-of-velez-malaga\/\" \/>\n<meta property=\"og:locale\" content=\"en_US\" \/>\n<meta property=\"og:type\" content=\"article\" \/>\n<meta property=\"og:title\" content=\"VISIT OF THE STUDENTS OF THE REYES CAT\u00d3LICOS SECONDARY EDUCATION INSTITUTE OF V\u00c9LEZ-M\u00c1LAGA - P\u00e1gina oficial de Javier zarzalejos\" \/>\n<meta property=\"og:description\" content=\"On June 2, MEP Javier Zarzalejos received a group of students from the Reyes Cat\u00f3licos Secondary Education Institute in V\u00e9lez-M\u00e1laga at the European Parliament. During this meeting, the MEP encouraged the students to see Europe not only as a place to visit but also as a land of opportunities for their future. He also pointed&hellip;\" \/>\n<meta property=\"og:url\" content=\"https:\/\/javierzarzalejos.eu\/en\/2022\/06\/02\/visit-of-the-students-of-the-reyes-catolicos-secondary-education-institute-of-velez-malaga\/\" \/>\n<meta property=\"og:site_name\" content=\"P\u00e1gina oficial de Javier zarzalejos\" \/>\n<meta property=\"article:published_time\" content=\"2022-06-02T11:33:00+00:00\" \/>\n<meta property=\"article:modified_time\" content=\"2022-10-25T11:36:35+00:00\" \/>\n<meta property=\"og:image\" content=\"https:\/\/javierzarzalejos.eu\/wp-content\/uploads\/2022\/10\/VISITA-ALUMNOS-VELEZ-MALAGA1.jpg\" \/>\n<meta name=\"author\" content=\"Best Marketing\" \/>\n<meta name=\"twitter:card\" content=\"summary_large_image\" \/>\n<meta name=\"twitter:label1\" content=\"Written by\" \/>\n\t<meta name=\"twitter:data1\" content=\"Best Marketing\" \/>\n\t<meta name=\"twitter:label2\" content=\"Est. reading time\" \/>\n\t<meta name=\"twitter:data2\" content=\"1 minute\" \/>\n<script type=\"application\/ld+json\" class=\"yoast-schema-graph\">{\"@context\":\"https:\/\/schema.org\",\"@graph\":[{\"@type\":\"Article\",\"@id\":\"https:\/\/javierzarzalejos.eu\/en\/2022\/06\/02\/visit-of-the-students-of-the-reyes-catolicos-secondary-education-institute-of-velez-malaga\/#article\",\"isPartOf\":{\"@id\":\"https:\/\/javierzarzalejos.eu\/en\/2022\/06\/02\/visit-of-the-students-of-the-reyes-catolicos-secondary-education-institute-of-velez-malaga\/\"},\"author\":{\"name\":\"Best Marketing\",\"@id\":\"https:\/\/javierzarzalejos.eu\/#\/schema\/person\/13ce5858bfa202c31d5c5e1e24ad9cb8\"},\"headline\":\"VISIT OF THE STUDENTS OF THE REYES CAT\u00d3LICOS SECONDARY EDUCATION INSTITUTE OF V\u00c9LEZ-M\u00c1LAGA\",\"datePublished\":\"2022-06-02T11:33:00+00:00\",\"dateModified\":\"2022-10-25T11:36:35+00:00\",\"mainEntityOfPage\":{\"@id\":\"https:\/\/javierzarzalejos.eu\/en\/2022\/06\/02\/visit-of-the-students-of-the-reyes-catolicos-secondary-education-institute-of-velez-malaga\/\"},\"wordCount\":151,\"image\":{\"@id\":\"https:\/\/javierzarzalejos.eu\/en\/2022\/06\/02\/visit-of-the-students-of-the-reyes-catolicos-secondary-education-institute-of-velez-malaga\/#primaryimage\"},\"thumbnailUrl\":\"https:\/\/javierzarzalejos.eu\/wp-content\/uploads\/2022\/10\/VISITA-ALUMNOS-VELEZ-MALAGA1.jpg\",\"articleSection\":[\"Events\"],\"inLanguage\":\"en-US\"},{\"@type\":\"WebPage\",\"@id\":\"https:\/\/javierzarzalejos.eu\/en\/2022\/06\/02\/visit-of-the-students-of-the-reyes-catolicos-secondary-education-institute-of-velez-malaga\/\",\"url\":\"https:\/\/javierzarzalejos.eu\/en\/2022\/06\/02\/visit-of-the-students-of-the-reyes-catolicos-secondary-education-institute-of-velez-malaga\/\",\"name\":\"VISIT OF THE STUDENTS OF THE REYES CAT\u00d3LICOS SECONDARY EDUCATION INSTITUTE OF V\u00c9LEZ-M\u00c1LAGA - P\u00e1gina oficial de Javier zarzalejos\",\"isPartOf\":{\"@id\":\"https:\/\/javierzarzalejos.eu\/#website\"},\"primaryImageOfPage\":{\"@id\":\"https:\/\/javierzarzalejos.eu\/en\/2022\/06\/02\/visit-of-the-students-of-the-reyes-catolicos-secondary-education-institute-of-velez-malaga\/#primaryimage\"},\"image\":{\"@id\":\"https:\/\/javierzarzalejos.eu\/en\/2022\/06\/02\/visit-of-the-students-of-the-reyes-catolicos-secondary-education-institute-of-velez-malaga\/#primaryimage\"},\"thumbnailUrl\":\"https:\/\/javierzarzalejos.eu\/wp-content\/uploads\/2022\/10\/VISITA-ALUMNOS-VELEZ-MALAGA1.jpg\",\"datePublished\":\"2022-06-02T11:33:00+00:00\",\"dateModified\":\"2022-10-25T11:36:35+00:00\",\"author\":{\"@id\":\"https:\/\/javierzarzalejos.eu\/#\/schema\/person\/13ce5858bfa202c31d5c5e1e24ad9cb8\"},\"breadcrumb\":{\"@id\":\"https:\/\/javierzarzalejos.eu\/en\/2022\/06\/02\/visit-of-the-students-of-the-reyes-catolicos-secondary-education-institute-of-velez-malaga\/#breadcrumb\"},\"inLanguage\":\"en-US\",\"potentialAction\":[{\"@type\":\"ReadAction\",\"target\":[\"https:\/\/javierzarzalejos.eu\/en\/2022\/06\/02\/visit-of-the-students-of-the-reyes-catolicos-secondary-education-institute-of-velez-malaga\/\"]}]},{\"@type\":\"ImageObject\",\"inLanguage\":\"en-US\",\"@id\":\"https:\/\/javierzarzalejos.eu\/en\/2022\/06\/02\/visit-of-the-students-of-the-reyes-catolicos-secondary-education-institute-of-velez-malaga\/#primaryimage\",\"url\":\"https:\/\/javierzarzalejos.eu\/wp-content\/uploads\/2022\/10\/VISITA-ALUMNOS-VELEZ-MALAGA1.jpg\",\"contentUrl\":\"https:\/\/javierzarzalejos.eu\/wp-content\/uploads\/2022\/10\/VISITA-ALUMNOS-VELEZ-MALAGA1.jpg\"},{\"@type\":\"BreadcrumbList\",\"@id\":\"https:\/\/javierzarzalejos.eu\/en\/2022\/06\/02\/visit-of-the-students-of-the-reyes-catolicos-secondary-education-institute-of-velez-malaga\/#breadcrumb\",\"itemListElement\":[{\"@type\":\"ListItem\",\"position\":1,\"name\":\"Portada\",\"item\":\"https:\/\/javierzarzalejos.eu\/en\/\"},{\"@type\":\"ListItem\",\"position\":2,\"name\":\"VISIT OF THE STUDENTS OF THE REYES CAT\u00d3LICOS SECONDARY EDUCATION INSTITUTE OF V\u00c9LEZ-M\u00c1LAGA\"}]},{\"@type\":\"WebSite\",\"@id\":\"https:\/\/javierzarzalejos.eu\/#website\",\"url\":\"https:\/\/javierzarzalejos.eu\/\",\"name\":\"P\u00e1gina oficial de Javier zarzalejos\",\"description\":\"P\u00e1gina oficial de Javier zarzalejos\",\"potentialAction\":[{\"@type\":\"SearchAction\",\"target\":{\"@type\":\"EntryPoint\",\"urlTemplate\":\"https:\/\/javierzarzalejos.eu\/?s={search_term_string}\"},\"query-input\":{\"@type\":\"PropertyValueSpecification\",\"valueRequired\":true,\"valueName\":\"search_term_string\"}}],\"inLanguage\":\"en-US\"},{\"@type\":\"Person\",\"@id\":\"https:\/\/javierzarzalejos.eu\/#\/schema\/person\/13ce5858bfa202c31d5c5e1e24ad9cb8\",\"name\":\"Best Marketing\",\"image\":{\"@type\":\"ImageObject\",\"inLanguage\":\"en-US\",\"@id\":\"https:\/\/javierzarzalejos.eu\/#\/schema\/person\/image\/\",\"url\":\"https:\/\/secure.gravatar.com\/avatar\/4b7f547520df08035ae60cfd8080cfcc71993ce08ded20c052bd207638c66171?s=96&d=mm&r=g\",\"contentUrl\":\"https:\/\/secure.gravatar.com\/avatar\/4b7f547520df08035ae60cfd8080cfcc71993ce08ded20c052bd207638c66171?s=96&d=mm&r=g\",\"caption\":\"Best Marketing\"},\"url\":\"https:\/\/javierzarzalejos.eu\/en\/author\/best-marketing-user\/\"}]}<\/script>\n<!-- \/ Yoast SEO plugin. -->","yoast_head_json":{"title":"VISIT OF THE STUDENTS OF THE REYES CAT\u00d3LICOS SECONDARY EDUCATION INSTITUTE OF V\u00c9LEZ-M\u00c1LAGA - P\u00e1gina oficial de Javier zarzalejos","robots":{"index":"index","follow":"follow","max-snippet":"max-snippet:-1","max-image-preview":"max-image-preview:large","max-video-preview":"max-video-preview:-1"},"canonical":"https:\/\/javierzarzalejos.eu\/en\/2022\/06\/02\/visit-of-the-students-of-the-reyes-catolicos-secondary-education-institute-of-velez-malaga\/","og_locale":"en_US","og_type":"article","og_title":"VISIT OF THE STUDENTS OF THE REYES CAT\u00d3LICOS SECONDARY EDUCATION INSTITUTE OF V\u00c9LEZ-M\u00c1LAGA - P\u00e1gina oficial de Javier zarzalejos","og_description":"On June 2, MEP Javier Zarzalejos received a group of students from the Reyes Cat\u00f3licos Secondary Education Institute in V\u00e9lez-M\u00e1laga at the European Parliament. During this meeting, the MEP encouraged the students to see Europe not only as a place to visit but also as a land of opportunities for their future. He also pointed&hellip;","og_url":"https:\/\/javierzarzalejos.eu\/en\/2022\/06\/02\/visit-of-the-students-of-the-reyes-catolicos-secondary-education-institute-of-velez-malaga\/","og_site_name":"P\u00e1gina oficial de Javier zarzalejos","article_published_time":"2022-06-02T11:33:00+00:00","article_modified_time":"2022-10-25T11:36:35+00:00","og_image":[{"url":"https:\/\/javierzarzalejos.eu\/wp-content\/uploads\/2022\/10\/VISITA-ALUMNOS-VELEZ-MALAGA1.jpg","type":"","width":"","height":""}],"author":"Best Marketing","twitter_card":"summary_large_image","twitter_misc":{"Written by":"Best Marketing","Est. reading time":"1 minute"},"schema":{"@context":"https:\/\/schema.org","@graph":[{"@type":"Article","@id":"https:\/\/javierzarzalejos.eu\/en\/2022\/06\/02\/visit-of-the-students-of-the-reyes-catolicos-secondary-education-institute-of-velez-malaga\/#article","isPartOf":{"@id":"https:\/\/javierzarzalejos.eu\/en\/2022\/06\/02\/visit-of-the-students-of-the-reyes-catolicos-secondary-education-institute-of-velez-malaga\/"},"author":{"name":"Best Marketing","@id":"https:\/\/javierzarzalejos.eu\/#\/schema\/person\/13ce5858bfa202c31d5c5e1e24ad9cb8"},"headline":"VISIT OF THE STUDENTS OF THE REYES CAT\u00d3LICOS SECONDARY EDUCATION INSTITUTE OF V\u00c9LEZ-M\u00c1LAGA","datePublished":"2022-06-02T11:33:00+00:00","dateModified":"2022-10-25T11:36:35+00:00","mainEntityOfPage":{"@id":"https:\/\/javierzarzalejos.eu\/en\/2022\/06\/02\/visit-of-the-students-of-the-reyes-catolicos-secondary-education-institute-of-velez-malaga\/"},"wordCount":151,"image":{"@id":"https:\/\/javierzarzalejos.eu\/en\/2022\/06\/02\/visit-of-the-students-of-the-reyes-catolicos-secondary-education-institute-of-velez-malaga\/#primaryimage"},"thumbnailUrl":"https:\/\/javierzarzalejos.eu\/wp-content\/uploads\/2022\/10\/VISITA-ALUMNOS-VELEZ-MALAGA1.jpg","articleSection":["Events"],"inLanguage":"en-US"},{"@type":"WebPage","@id":"https:\/\/javierzarzalejos.eu\/en\/2022\/06\/02\/visit-of-the-students-of-the-reyes-catolicos-secondary-education-institute-of-velez-malaga\/","url":"https:\/\/javierzarzalejos.eu\/en\/2022\/06\/02\/visit-of-the-students-of-the-reyes-catolicos-secondary-education-institute-of-velez-malaga\/","name":"VISIT OF THE STUDENTS OF THE REYES CAT\u00d3LICOS SECONDARY EDUCATION INSTITUTE OF V\u00c9LEZ-M\u00c1LAGA - P\u00e1gina oficial de Javier zarzalejos","isPartOf":{"@id":"https:\/\/javierzarzalejos.eu\/#website"},"primaryImageOfPage":{"@id":"https:\/\/javierzarzalejos.eu\/en\/2022\/06\/02\/visit-of-the-students-of-the-reyes-catolicos-secondary-education-institute-of-velez-malaga\/#primaryimage"},"image":{"@id":"https:\/\/javierzarzalejos.eu\/en\/2022\/06\/02\/visit-of-the-students-of-the-reyes-catolicos-secondary-education-institute-of-velez-malaga\/#primaryimage"},"thumbnailUrl":"https:\/\/javierzarzalejos.eu\/wp-content\/uploads\/2022\/10\/VISITA-ALUMNOS-VELEZ-MALAGA1.jpg","datePublished":"2022-06-02T11:33:00+00:00","dateModified":"2022-10-25T11:36:35+00:00","author":{"@id":"https:\/\/javierzarzalejos.eu\/#\/schema\/person\/13ce5858bfa202c31d5c5e1e24ad9cb8"},"breadcrumb":{"@id":"https:\/\/javierzarzalejos.eu\/en\/2022\/06\/02\/visit-of-the-students-of-the-reyes-catolicos-secondary-education-institute-of-velez-malaga\/#breadcrumb"},"inLanguage":"en-US","potentialAction":[{"@type":"ReadAction","target":["https:\/\/javierzarzalejos.eu\/en\/2022\/06\/02\/visit-of-the-students-of-the-reyes-catolicos-secondary-education-institute-of-velez-malaga\/"]}]},{"@type":"ImageObject","inLanguage":"en-US","@id":"https:\/\/javierzarzalejos.eu\/en\/2022\/06\/02\/visit-of-the-students-of-the-reyes-catolicos-secondary-education-institute-of-velez-malaga\/#primaryimage","url":"https:\/\/javierzarzalejos.eu\/wp-content\/uploads\/2022\/10\/VISITA-ALUMNOS-VELEZ-MALAGA1.jpg","contentUrl":"https:\/\/javierzarzalejos.eu\/wp-content\/uploads\/2022\/10\/VISITA-ALUMNOS-VELEZ-MALAGA1.jpg"},{"@type":"BreadcrumbList","@id":"https:\/\/javierzarzalejos.eu\/en\/2022\/06\/02\/visit-of-the-students-of-the-reyes-catolicos-secondary-education-institute-of-velez-malaga\/#breadcrumb","itemListElement":[{"@type":"ListItem","position":1,"name":"Portada","item":"https:\/\/javierzarzalejos.eu\/en\/"},{"@type":"ListItem","position":2,"name":"VISIT OF THE STUDENTS OF THE REYES CAT\u00d3LICOS SECONDARY EDUCATION INSTITUTE OF V\u00c9LEZ-M\u00c1LAGA"}]},{"@type":"WebSite","@id":"https:\/\/javierzarzalejos.eu\/#website","url":"https:\/\/javierzarzalejos.eu\/","name":"P\u00e1gina oficial de Javier zarzalejos","description":"P\u00e1gina oficial de Javier zarzalejos","potentialAction":[{"@type":"SearchAction","target":{"@type":"EntryPoint","urlTemplate":"https:\/\/javierzarzalejos.eu\/?s={search_term_string}"},"query-input":{"@type":"PropertyValueSpecification","valueRequired":true,"valueName":"search_term_string"}}],"inLanguage":"en-US"},{"@type":"Person","@id":"https:\/\/javierzarzalejos.eu\/#\/schema\/person\/13ce5858bfa202c31d5c5e1e24ad9cb8","name":"Best Marketing","image":{"@type":"ImageObject","inLanguage":"en-US","@id":"https:\/\/javierzarzalejos.eu\/#\/schema\/person\/image\/","url":"https:\/\/secure.gravatar.com\/avatar\/4b7f547520df08035ae60cfd8080cfcc71993ce08ded20c052bd207638c66171?s=96&d=mm&r=g","contentUrl":"https:\/\/secure.gravatar.com\/avatar\/4b7f547520df08035ae60cfd8080cfcc71993ce08ded20c052bd207638c66171?s=96&d=mm&r=g","caption":"Best Marketing"},"url":"https:\/\/javierzarzalejos.eu\/en\/author\/best-marketing-user\/"}]}},"_links":{"self":[{"href":"https:\/\/javierzarzalejos.eu\/en\/wp-json\/wp\/v2\/posts\/7560","targetHints":{"allow":["GET"]}}],"collection":[{"href":"https:\/\/javierzarzalejos.eu\/en\/wp-json\/wp\/v2\/posts"}],"about":[{"href":"https:\/\/javierzarzalejos.eu\/en\/wp-json\/wp\/v2\/types\/post"}],"author":[{"embeddable":true,"href":"https:\/\/javierzarzalejos.eu\/en\/wp-json\/wp\/v2\/users\/1"}],"replies":[{"embeddable":true,"href":"https:\/\/javierzarzalejos.eu\/en\/wp-json\/wp\/v2\/comments?post=7560"}],"version-history":[{"count":1,"href":"https:\/\/javierzarzalejos.eu\/en\/wp-json\/wp\/v2\/posts\/7560\/revisions"}],"predecessor-version":[{"id":7561,"href":"https:\/\/javierzarzalejos.eu\/en\/wp-json\/wp\/v2\/posts\/7560\/revisions\/7561"}],"wp:attachment":[{"href":"https:\/\/javierzarzalejos.eu\/en\/wp-json\/wp\/v2\/media?parent=7560"}],"wp:term":[{"taxonomy":"category","embeddable":true,"href":"https:\/\/javierzarzalejos.eu\/en\/wp-json\/wp\/v2\/categories?post=7560"},{"taxonomy":"post_tag","embeddable":true,"href":"https:\/\/javierzarzalejos.eu\/en\/wp-json\/wp\/v2\/tags?post=7560"}],"curies":[{"name":"wp","href":"https:\/\/api.w.org\/{rel}","templated":true}]}}