{"id":7942,"date":"2022-10-26T17:15:43","date_gmt":"2022-10-26T15:15:43","guid":{"rendered":"https:\/\/javierzarzalejos.eu\/?p=7942"},"modified":"2022-11-23T17:16:46","modified_gmt":"2022-11-23T16:16:46","slug":"presentation-of-the-last-book-by-garcia-margallo","status":"publish","type":"post","link":"https:\/\/javierzarzalejos.eu\/en\/2022\/10\/26\/presentation-of-the-last-book-by-garcia-margallo\/","title":{"rendered":"PRESENTATION OF THE LAST BOOK BY GARC\u00cdA-MARGALLO"},"content":{"rendered":"<p><img loading=\"lazy\" decoding=\"async\" class=\"alignnone size-full wp-image-7940\" src=\"https:\/\/javierzarzalejos.eu\/wp-content\/uploads\/2022\/11\/PRESENTACION-DEL-ULTIMO-LIBRO-DE-GARCIA-MARGALLO-26.10.22.jpg\" alt=\"\" width=\"2048\" height=\"1364\" srcset=\"https:\/\/javierzarzalejos.eu\/wp-content\/uploads\/2022\/11\/PRESENTACION-DEL-ULTIMO-LIBRO-DE-GARCIA-MARGALLO-26.10.22.jpg 2048w, https:\/\/javierzarzalejos.eu\/wp-content\/uploads\/2022\/11\/PRESENTACION-DEL-ULTIMO-LIBRO-DE-GARCIA-MARGALLO-26.10.22-300x200.jpg 300w, https:\/\/javierzarzalejos.eu\/wp-content\/uploads\/2022\/11\/PRESENTACION-DEL-ULTIMO-LIBRO-DE-GARCIA-MARGALLO-26.10.22-1024x682.jpg 1024w, https:\/\/javierzarzalejos.eu\/wp-content\/uploads\/2022\/11\/PRESENTACION-DEL-ULTIMO-LIBRO-DE-GARCIA-MARGALLO-26.10.22-768x512.jpg 768w, https:\/\/javierzarzalejos.eu\/wp-content\/uploads\/2022\/11\/PRESENTACION-DEL-ULTIMO-LIBRO-DE-GARCIA-MARGALLO-26.10.22-1536x1023.jpg 1536w, https:\/\/javierzarzalejos.eu\/wp-content\/uploads\/2022\/11\/PRESENTACION-DEL-ULTIMO-LIBRO-DE-GARCIA-MARGALLO-26.10.22-800x533.jpg 800w, https:\/\/javierzarzalejos.eu\/wp-content\/uploads\/2022\/11\/PRESENTACION-DEL-ULTIMO-LIBRO-DE-GARCIA-MARGALLO-26.10.22-1280x853.jpg 1280w, https:\/\/javierzarzalejos.eu\/wp-content\/uploads\/2022\/11\/PRESENTACION-DEL-ULTIMO-LIBRO-DE-GARCIA-MARGALLO-26.10.22-1920x1279.jpg 1920w\" sizes=\"auto, (max-width: 2048px) 100vw, 2048px\" \/><\/p>\n<p>On October 26, MEP Javier Zarzalejos, together with MEP Juan Ignacio Zoido, participated in the presentation of the book &#8220;Espa\u00f1a en su laberinto&#8221; by Jos\u00e9 Manuel Garc\u00eda-Margallo and Fernando Eguidazu Palacios.<\/p>\n<p>With a warm presentation by Mr. Zoido, Mr. Garc\u00eda-Margallo and Mr. Zarzalejos answered several questions in relation to the various topics covered in this book, which mainly draws a parallel between past events and the Spain news.<\/p>\n<p>Regarding the question of when Spain began to deteriorate, MEP Javier Zarzalejos replied that it was when we Spaniards stopped seeing our history as a success story.<\/p>\n<p>It was then, the MEP stressed, when we began to assimilate our History in a distorted way, considering that the Restoration was a failure, that nationalisms \u2014even those that made use of force\u2014 were legitimizing and disqualifying the Transition by appealing to a defective democracy and illegitimate.<\/p>\n<p>Zarzalejos recalled Juli\u00e1n Mar\u00edas&#8217; definition of the democratic system, \u201charmony without agreement\u201d, to characterize the great challenge of recovering the institutional strength and political moderation of Spain.<\/p>\n<p>Finally, Mr. Zarzalejos stressed that despite the various economic crises that Spain has gone through and that have led to a rise in populism, fortunately, we do not have a society that opts for extremes.<\/p>\n","protected":false},"excerpt":{"rendered":"<p>On October 26, MEP Javier Zarzalejos, together with MEP Juan Ignacio Zoido, participated in the presentation of the book &#8220;Espa\u00f1a en su laberinto&#8221; by Jos\u00e9 Manuel Garc\u00eda-Margallo and Fernando Eguidazu Palacios. With a warm presentation by Mr. Zoido, Mr. Garc\u00eda-Margallo and Mr. Zarzalejos answered several questions in relation to the various topics covered in this&hellip;<\/p>\n","protected":false},"author":1,"featured_media":0,"comment_status":"closed","ping_status":"closed","sticky":false,"template":"","format":"standard","meta":{"inline_featured_image":false,"_monsterinsights_skip_tracking":false,"_monsterinsights_sitenote_active":false,"_monsterinsights_sitenote_note":"","_monsterinsights_sitenote_category":0,"_vp_format_video_url":"","_vp_image_focal_point":[],"footnotes":""},"categories":[14],"tags":[],"class_list":["post-7942","post","type-post","status-publish","format-standard","hentry","category-events"],"yoast_head":"<!-- This site is optimized with the Yoast SEO plugin v27.1.1 - https:\/\/yoast.com\/product\/yoast-seo-wordpress\/ -->\n<title>PRESENTATION OF THE LAST BOOK BY GARC\u00cdA-MARGALLO - P\u00e1gina oficial de Javier zarzalejos<\/title>\n<meta name=\"robots\" content=\"index, follow, max-snippet:-1, max-image-preview:large, max-video-preview:-1\" \/>\n<link rel=\"canonical\" href=\"https:\/\/javierzarzalejos.eu\/en\/2022\/10\/26\/presentation-of-the-last-book-by-garcia-margallo\/\" \/>\n<meta property=\"og:locale\" content=\"en_US\" \/>\n<meta property=\"og:type\" content=\"article\" \/>\n<meta property=\"og:title\" content=\"PRESENTATION OF THE LAST BOOK BY GARC\u00cdA-MARGALLO - P\u00e1gina oficial de Javier zarzalejos\" \/>\n<meta property=\"og:description\" content=\"On October 26, MEP Javier Zarzalejos, together with MEP Juan Ignacio Zoido, participated in the presentation of the book &#8220;Espa\u00f1a en su laberinto&#8221; by Jos\u00e9 Manuel Garc\u00eda-Margallo and Fernando Eguidazu Palacios. With a warm presentation by Mr. Zoido, Mr. Garc\u00eda-Margallo and Mr. Zarzalejos answered several questions in relation to the various topics covered in this&hellip;\" \/>\n<meta property=\"og:url\" content=\"https:\/\/javierzarzalejos.eu\/en\/2022\/10\/26\/presentation-of-the-last-book-by-garcia-margallo\/\" \/>\n<meta property=\"og:site_name\" content=\"P\u00e1gina oficial de Javier zarzalejos\" \/>\n<meta property=\"article:published_time\" content=\"2022-10-26T15:15:43+00:00\" \/>\n<meta property=\"article:modified_time\" content=\"2022-11-23T16:16:46+00:00\" \/>\n<meta property=\"og:image\" content=\"https:\/\/javierzarzalejos.eu\/wp-content\/uploads\/2022\/11\/PRESENTACION-DEL-ULTIMO-LIBRO-DE-GARCIA-MARGALLO-26.10.22.jpg\" \/>\n<meta name=\"author\" content=\"Best Marketing\" \/>\n<meta name=\"twitter:card\" content=\"summary_large_image\" \/>\n<meta name=\"twitter:label1\" content=\"Written by\" \/>\n\t<meta name=\"twitter:data1\" content=\"Best Marketing\" \/>\n\t<meta name=\"twitter:label2\" content=\"Est. reading time\" \/>\n\t<meta name=\"twitter:data2\" content=\"2 minutes\" \/>\n<script type=\"application\/ld+json\" class=\"yoast-schema-graph\">{\"@context\":\"https:\/\/schema.org\",\"@graph\":[{\"@type\":\"Article\",\"@id\":\"https:\/\/javierzarzalejos.eu\/en\/2022\/10\/26\/presentation-of-the-last-book-by-garcia-margallo\/#article\",\"isPartOf\":{\"@id\":\"https:\/\/javierzarzalejos.eu\/en\/2022\/10\/26\/presentation-of-the-last-book-by-garcia-margallo\/\"},\"author\":{\"name\":\"Best Marketing\",\"@id\":\"https:\/\/javierzarzalejos.eu\/#\/schema\/person\/13ce5858bfa202c31d5c5e1e24ad9cb8\"},\"headline\":\"PRESENTATION OF THE LAST BOOK BY GARC\u00cdA-MARGALLO\",\"datePublished\":\"2022-10-26T15:15:43+00:00\",\"dateModified\":\"2022-11-23T16:16:46+00:00\",\"mainEntityOfPage\":{\"@id\":\"https:\/\/javierzarzalejos.eu\/en\/2022\/10\/26\/presentation-of-the-last-book-by-garcia-margallo\/\"},\"wordCount\":216,\"image\":{\"@id\":\"https:\/\/javierzarzalejos.eu\/en\/2022\/10\/26\/presentation-of-the-last-book-by-garcia-margallo\/#primaryimage\"},\"thumbnailUrl\":\"https:\/\/javierzarzalejos.eu\/wp-content\/uploads\/2022\/11\/PRESENTACION-DEL-ULTIMO-LIBRO-DE-GARCIA-MARGALLO-26.10.22.jpg\",\"articleSection\":[\"Events\"],\"inLanguage\":\"en-US\"},{\"@type\":\"WebPage\",\"@id\":\"https:\/\/javierzarzalejos.eu\/en\/2022\/10\/26\/presentation-of-the-last-book-by-garcia-margallo\/\",\"url\":\"https:\/\/javierzarzalejos.eu\/en\/2022\/10\/26\/presentation-of-the-last-book-by-garcia-margallo\/\",\"name\":\"PRESENTATION OF THE LAST BOOK BY GARC\u00cdA-MARGALLO - P\u00e1gina oficial de Javier zarzalejos\",\"isPartOf\":{\"@id\":\"https:\/\/javierzarzalejos.eu\/#website\"},\"primaryImageOfPage\":{\"@id\":\"https:\/\/javierzarzalejos.eu\/en\/2022\/10\/26\/presentation-of-the-last-book-by-garcia-margallo\/#primaryimage\"},\"image\":{\"@id\":\"https:\/\/javierzarzalejos.eu\/en\/2022\/10\/26\/presentation-of-the-last-book-by-garcia-margallo\/#primaryimage\"},\"thumbnailUrl\":\"https:\/\/javierzarzalejos.eu\/wp-content\/uploads\/2022\/11\/PRESENTACION-DEL-ULTIMO-LIBRO-DE-GARCIA-MARGALLO-26.10.22.jpg\",\"datePublished\":\"2022-10-26T15:15:43+00:00\",\"dateModified\":\"2022-11-23T16:16:46+00:00\",\"author\":{\"@id\":\"https:\/\/javierzarzalejos.eu\/#\/schema\/person\/13ce5858bfa202c31d5c5e1e24ad9cb8\"},\"breadcrumb\":{\"@id\":\"https:\/\/javierzarzalejos.eu\/en\/2022\/10\/26\/presentation-of-the-last-book-by-garcia-margallo\/#breadcrumb\"},\"inLanguage\":\"en-US\",\"potentialAction\":[{\"@type\":\"ReadAction\",\"target\":[\"https:\/\/javierzarzalejos.eu\/en\/2022\/10\/26\/presentation-of-the-last-book-by-garcia-margallo\/\"]}]},{\"@type\":\"ImageObject\",\"inLanguage\":\"en-US\",\"@id\":\"https:\/\/javierzarzalejos.eu\/en\/2022\/10\/26\/presentation-of-the-last-book-by-garcia-margallo\/#primaryimage\",\"url\":\"https:\/\/javierzarzalejos.eu\/wp-content\/uploads\/2022\/11\/PRESENTACION-DEL-ULTIMO-LIBRO-DE-GARCIA-MARGALLO-26.10.22.jpg\",\"contentUrl\":\"https:\/\/javierzarzalejos.eu\/wp-content\/uploads\/2022\/11\/PRESENTACION-DEL-ULTIMO-LIBRO-DE-GARCIA-MARGALLO-26.10.22.jpg\"},{\"@type\":\"BreadcrumbList\",\"@id\":\"https:\/\/javierzarzalejos.eu\/en\/2022\/10\/26\/presentation-of-the-last-book-by-garcia-margallo\/#breadcrumb\",\"itemListElement\":[{\"@type\":\"ListItem\",\"position\":1,\"name\":\"Portada\",\"item\":\"https:\/\/javierzarzalejos.eu\/en\/\"},{\"@type\":\"ListItem\",\"position\":2,\"name\":\"PRESENTATION OF THE LAST BOOK BY GARC\u00cdA-MARGALLO\"}]},{\"@type\":\"WebSite\",\"@id\":\"https:\/\/javierzarzalejos.eu\/#website\",\"url\":\"https:\/\/javierzarzalejos.eu\/\",\"name\":\"P\u00e1gina oficial de Javier zarzalejos\",\"description\":\"P\u00e1gina oficial de Javier zarzalejos\",\"potentialAction\":[{\"@type\":\"SearchAction\",\"target\":{\"@type\":\"EntryPoint\",\"urlTemplate\":\"https:\/\/javierzarzalejos.eu\/?s={search_term_string}\"},\"query-input\":{\"@type\":\"PropertyValueSpecification\",\"valueRequired\":true,\"valueName\":\"search_term_string\"}}],\"inLanguage\":\"en-US\"},{\"@type\":\"Person\",\"@id\":\"https:\/\/javierzarzalejos.eu\/#\/schema\/person\/13ce5858bfa202c31d5c5e1e24ad9cb8\",\"name\":\"Best Marketing\",\"image\":{\"@type\":\"ImageObject\",\"inLanguage\":\"en-US\",\"@id\":\"https:\/\/javierzarzalejos.eu\/#\/schema\/person\/image\/\",\"url\":\"https:\/\/secure.gravatar.com\/avatar\/4b7f547520df08035ae60cfd8080cfcc71993ce08ded20c052bd207638c66171?s=96&d=mm&r=g\",\"contentUrl\":\"https:\/\/secure.gravatar.com\/avatar\/4b7f547520df08035ae60cfd8080cfcc71993ce08ded20c052bd207638c66171?s=96&d=mm&r=g\",\"caption\":\"Best Marketing\"},\"url\":\"https:\/\/javierzarzalejos.eu\/en\/author\/best-marketing-user\/\"}]}<\/script>\n<!-- \/ Yoast SEO plugin. -->","yoast_head_json":{"title":"PRESENTATION OF THE LAST BOOK BY GARC\u00cdA-MARGALLO - P\u00e1gina oficial de Javier zarzalejos","robots":{"index":"index","follow":"follow","max-snippet":"max-snippet:-1","max-image-preview":"max-image-preview:large","max-video-preview":"max-video-preview:-1"},"canonical":"https:\/\/javierzarzalejos.eu\/en\/2022\/10\/26\/presentation-of-the-last-book-by-garcia-margallo\/","og_locale":"en_US","og_type":"article","og_title":"PRESENTATION OF THE LAST BOOK BY GARC\u00cdA-MARGALLO - P\u00e1gina oficial de Javier zarzalejos","og_description":"On October 26, MEP Javier Zarzalejos, together with MEP Juan Ignacio Zoido, participated in the presentation of the book &#8220;Espa\u00f1a en su laberinto&#8221; by Jos\u00e9 Manuel Garc\u00eda-Margallo and Fernando Eguidazu Palacios. With a warm presentation by Mr. Zoido, Mr. Garc\u00eda-Margallo and Mr. Zarzalejos answered several questions in relation to the various topics covered in this&hellip;","og_url":"https:\/\/javierzarzalejos.eu\/en\/2022\/10\/26\/presentation-of-the-last-book-by-garcia-margallo\/","og_site_name":"P\u00e1gina oficial de Javier zarzalejos","article_published_time":"2022-10-26T15:15:43+00:00","article_modified_time":"2022-11-23T16:16:46+00:00","og_image":[{"url":"https:\/\/javierzarzalejos.eu\/wp-content\/uploads\/2022\/11\/PRESENTACION-DEL-ULTIMO-LIBRO-DE-GARCIA-MARGALLO-26.10.22.jpg","type":"","width":"","height":""}],"author":"Best Marketing","twitter_card":"summary_large_image","twitter_misc":{"Written by":"Best Marketing","Est. reading time":"2 minutes"},"schema":{"@context":"https:\/\/schema.org","@graph":[{"@type":"Article","@id":"https:\/\/javierzarzalejos.eu\/en\/2022\/10\/26\/presentation-of-the-last-book-by-garcia-margallo\/#article","isPartOf":{"@id":"https:\/\/javierzarzalejos.eu\/en\/2022\/10\/26\/presentation-of-the-last-book-by-garcia-margallo\/"},"author":{"name":"Best Marketing","@id":"https:\/\/javierzarzalejos.eu\/#\/schema\/person\/13ce5858bfa202c31d5c5e1e24ad9cb8"},"headline":"PRESENTATION OF THE LAST BOOK BY GARC\u00cdA-MARGALLO","datePublished":"2022-10-26T15:15:43+00:00","dateModified":"2022-11-23T16:16:46+00:00","mainEntityOfPage":{"@id":"https:\/\/javierzarzalejos.eu\/en\/2022\/10\/26\/presentation-of-the-last-book-by-garcia-margallo\/"},"wordCount":216,"image":{"@id":"https:\/\/javierzarzalejos.eu\/en\/2022\/10\/26\/presentation-of-the-last-book-by-garcia-margallo\/#primaryimage"},"thumbnailUrl":"https:\/\/javierzarzalejos.eu\/wp-content\/uploads\/2022\/11\/PRESENTACION-DEL-ULTIMO-LIBRO-DE-GARCIA-MARGALLO-26.10.22.jpg","articleSection":["Events"],"inLanguage":"en-US"},{"@type":"WebPage","@id":"https:\/\/javierzarzalejos.eu\/en\/2022\/10\/26\/presentation-of-the-last-book-by-garcia-margallo\/","url":"https:\/\/javierzarzalejos.eu\/en\/2022\/10\/26\/presentation-of-the-last-book-by-garcia-margallo\/","name":"PRESENTATION OF THE LAST BOOK BY GARC\u00cdA-MARGALLO - P\u00e1gina oficial de Javier zarzalejos","isPartOf":{"@id":"https:\/\/javierzarzalejos.eu\/#website"},"primaryImageOfPage":{"@id":"https:\/\/javierzarzalejos.eu\/en\/2022\/10\/26\/presentation-of-the-last-book-by-garcia-margallo\/#primaryimage"},"image":{"@id":"https:\/\/javierzarzalejos.eu\/en\/2022\/10\/26\/presentation-of-the-last-book-by-garcia-margallo\/#primaryimage"},"thumbnailUrl":"https:\/\/javierzarzalejos.eu\/wp-content\/uploads\/2022\/11\/PRESENTACION-DEL-ULTIMO-LIBRO-DE-GARCIA-MARGALLO-26.10.22.jpg","datePublished":"2022-10-26T15:15:43+00:00","dateModified":"2022-11-23T16:16:46+00:00","author":{"@id":"https:\/\/javierzarzalejos.eu\/#\/schema\/person\/13ce5858bfa202c31d5c5e1e24ad9cb8"},"breadcrumb":{"@id":"https:\/\/javierzarzalejos.eu\/en\/2022\/10\/26\/presentation-of-the-last-book-by-garcia-margallo\/#breadcrumb"},"inLanguage":"en-US","potentialAction":[{"@type":"ReadAction","target":["https:\/\/javierzarzalejos.eu\/en\/2022\/10\/26\/presentation-of-the-last-book-by-garcia-margallo\/"]}]},{"@type":"ImageObject","inLanguage":"en-US","@id":"https:\/\/javierzarzalejos.eu\/en\/2022\/10\/26\/presentation-of-the-last-book-by-garcia-margallo\/#primaryimage","url":"https:\/\/javierzarzalejos.eu\/wp-content\/uploads\/2022\/11\/PRESENTACION-DEL-ULTIMO-LIBRO-DE-GARCIA-MARGALLO-26.10.22.jpg","contentUrl":"https:\/\/javierzarzalejos.eu\/wp-content\/uploads\/2022\/11\/PRESENTACION-DEL-ULTIMO-LIBRO-DE-GARCIA-MARGALLO-26.10.22.jpg"},{"@type":"BreadcrumbList","@id":"https:\/\/javierzarzalejos.eu\/en\/2022\/10\/26\/presentation-of-the-last-book-by-garcia-margallo\/#breadcrumb","itemListElement":[{"@type":"ListItem","position":1,"name":"Portada","item":"https:\/\/javierzarzalejos.eu\/en\/"},{"@type":"ListItem","position":2,"name":"PRESENTATION OF THE LAST BOOK BY GARC\u00cdA-MARGALLO"}]},{"@type":"WebSite","@id":"https:\/\/javierzarzalejos.eu\/#website","url":"https:\/\/javierzarzalejos.eu\/","name":"P\u00e1gina oficial de Javier zarzalejos","description":"P\u00e1gina oficial de Javier zarzalejos","potentialAction":[{"@type":"SearchAction","target":{"@type":"EntryPoint","urlTemplate":"https:\/\/javierzarzalejos.eu\/?s={search_term_string}"},"query-input":{"@type":"PropertyValueSpecification","valueRequired":true,"valueName":"search_term_string"}}],"inLanguage":"en-US"},{"@type":"Person","@id":"https:\/\/javierzarzalejos.eu\/#\/schema\/person\/13ce5858bfa202c31d5c5e1e24ad9cb8","name":"Best Marketing","image":{"@type":"ImageObject","inLanguage":"en-US","@id":"https:\/\/javierzarzalejos.eu\/#\/schema\/person\/image\/","url":"https:\/\/secure.gravatar.com\/avatar\/4b7f547520df08035ae60cfd8080cfcc71993ce08ded20c052bd207638c66171?s=96&d=mm&r=g","contentUrl":"https:\/\/secure.gravatar.com\/avatar\/4b7f547520df08035ae60cfd8080cfcc71993ce08ded20c052bd207638c66171?s=96&d=mm&r=g","caption":"Best Marketing"},"url":"https:\/\/javierzarzalejos.eu\/en\/author\/best-marketing-user\/"}]}},"_links":{"self":[{"href":"https:\/\/javierzarzalejos.eu\/en\/wp-json\/wp\/v2\/posts\/7942","targetHints":{"allow":["GET"]}}],"collection":[{"href":"https:\/\/javierzarzalejos.eu\/en\/wp-json\/wp\/v2\/posts"}],"about":[{"href":"https:\/\/javierzarzalejos.eu\/en\/wp-json\/wp\/v2\/types\/post"}],"author":[{"embeddable":true,"href":"https:\/\/javierzarzalejos.eu\/en\/wp-json\/wp\/v2\/users\/1"}],"replies":[{"embeddable":true,"href":"https:\/\/javierzarzalejos.eu\/en\/wp-json\/wp\/v2\/comments?post=7942"}],"version-history":[{"count":1,"href":"https:\/\/javierzarzalejos.eu\/en\/wp-json\/wp\/v2\/posts\/7942\/revisions"}],"predecessor-version":[{"id":7943,"href":"https:\/\/javierzarzalejos.eu\/en\/wp-json\/wp\/v2\/posts\/7942\/revisions\/7943"}],"wp:attachment":[{"href":"https:\/\/javierzarzalejos.eu\/en\/wp-json\/wp\/v2\/media?parent=7942"}],"wp:term":[{"taxonomy":"category","embeddable":true,"href":"https:\/\/javierzarzalejos.eu\/en\/wp-json\/wp\/v2\/categories?post=7942"},{"taxonomy":"post_tag","embeddable":true,"href":"https:\/\/javierzarzalejos.eu\/en\/wp-json\/wp\/v2\/tags?post=7942"}],"curies":[{"name":"wp","href":"https:\/\/api.w.org\/{rel}","templated":true}]}}