{"id":8164,"date":"2022-11-14T17:01:17","date_gmt":"2022-11-14T16:01:17","guid":{"rendered":"https:\/\/javierzarzalejos.eu\/?p=8164"},"modified":"2022-12-15T17:02:21","modified_gmt":"2022-12-15T16:02:21","slug":"zarzalejos-participates-in-the-business-forum-spanish-presidency-of-the-eu-organized-by-the-madrid-chamber-of-commerce","status":"publish","type":"post","link":"https:\/\/javierzarzalejos.eu\/en\/2022\/11\/14\/zarzalejos-participates-in-the-business-forum-spanish-presidency-of-the-eu-organized-by-the-madrid-chamber-of-commerce\/","title":{"rendered":"ZARZALEJOS PARTICIPATES IN THE &#8220;BUSINESS FORUM SPANISH PRESIDENCY OF THE EU&#8221; ORGANIZED BY THE MADRID CHAMBER OF COMMERCE"},"content":{"rendered":"<p><img loading=\"lazy\" decoding=\"async\" class=\"alignnone size-full wp-image-8162\" src=\"https:\/\/javierzarzalejos.eu\/wp-content\/uploads\/2022\/12\/FORO-EMPRESARIAL-PRESIDENCIA-ESPANOLA-DE-LA-UE-ORGANIZADO-POR-LA-CAMARA-DE-COMERCIO-DE-MADRID-1.jpg\" alt=\"\" width=\"2048\" height=\"1536\" srcset=\"https:\/\/javierzarzalejos.eu\/wp-content\/uploads\/2022\/12\/FORO-EMPRESARIAL-PRESIDENCIA-ESPANOLA-DE-LA-UE-ORGANIZADO-POR-LA-CAMARA-DE-COMERCIO-DE-MADRID-1.jpg 2048w, https:\/\/javierzarzalejos.eu\/wp-content\/uploads\/2022\/12\/FORO-EMPRESARIAL-PRESIDENCIA-ESPANOLA-DE-LA-UE-ORGANIZADO-POR-LA-CAMARA-DE-COMERCIO-DE-MADRID-1-300x225.jpg 300w, https:\/\/javierzarzalejos.eu\/wp-content\/uploads\/2022\/12\/FORO-EMPRESARIAL-PRESIDENCIA-ESPANOLA-DE-LA-UE-ORGANIZADO-POR-LA-CAMARA-DE-COMERCIO-DE-MADRID-1-1024x768.jpg 1024w, https:\/\/javierzarzalejos.eu\/wp-content\/uploads\/2022\/12\/FORO-EMPRESARIAL-PRESIDENCIA-ESPANOLA-DE-LA-UE-ORGANIZADO-POR-LA-CAMARA-DE-COMERCIO-DE-MADRID-1-768x576.jpg 768w, https:\/\/javierzarzalejos.eu\/wp-content\/uploads\/2022\/12\/FORO-EMPRESARIAL-PRESIDENCIA-ESPANOLA-DE-LA-UE-ORGANIZADO-POR-LA-CAMARA-DE-COMERCIO-DE-MADRID-1-1536x1152.jpg 1536w, https:\/\/javierzarzalejos.eu\/wp-content\/uploads\/2022\/12\/FORO-EMPRESARIAL-PRESIDENCIA-ESPANOLA-DE-LA-UE-ORGANIZADO-POR-LA-CAMARA-DE-COMERCIO-DE-MADRID-1-800x600.jpg 800w, https:\/\/javierzarzalejos.eu\/wp-content\/uploads\/2022\/12\/FORO-EMPRESARIAL-PRESIDENCIA-ESPANOLA-DE-LA-UE-ORGANIZADO-POR-LA-CAMARA-DE-COMERCIO-DE-MADRID-1-1280x960.jpg 1280w, https:\/\/javierzarzalejos.eu\/wp-content\/uploads\/2022\/12\/FORO-EMPRESARIAL-PRESIDENCIA-ESPANOLA-DE-LA-UE-ORGANIZADO-POR-LA-CAMARA-DE-COMERCIO-DE-MADRID-1-1920x1440.jpg 1920w\" sizes=\"auto, (max-width: 2048px) 100vw, 2048px\" \/><\/p>\n<p>On November 14, the Chamber of Commerce, Industry and Services of Madrid organized the &#8220;Business Forum of the Spanish Presidency of the EU&#8221;, in order to address the new challenges in terms of sustainability, social commitment and corporate governance.<\/p>\n<p>The conference, inaugurated by Eva Serrano, vice president of the Chamber of Commerce, Industry and Services of Madrid, was started with the participation of Juan Manuel L\u00f3pez Zafra, general director of Economy of the Community of Madrid, and Mar\u00eda \u00c1ngeles Prieto Arroyo , General Director of Economy of the Madrid City Council.<\/p>\n<p>The meeting covered four sections: the Recovery, Transformation and Resilience Plan; European legislation and the benefits and obligations in terms of sustainability; the cameral strategy within the framework of the Spanish Presidency and the progress achieved in the Sustainable Development Goals.<\/p>\n<p>Paz Guzm\u00e1n, Economic Counselor on Representation of the European Commission in Spain, explained the main lines of the Recovery, Transformation and Resilience Plan.<\/p>\n<p>For his part, Javier Zarzalejos was in charge of speaking about sustainability in corporate governance, focusing on the new proposal for a directive from the European Commission on diligence in the area of \u200b\u200bsustainability.<\/p>\n<p><strong>\u00a0<\/strong><\/p>\n","protected":false},"excerpt":{"rendered":"<p>On November 14, the Chamber of Commerce, Industry and Services of Madrid organized the &#8220;Business Forum of the Spanish Presidency of the EU&#8221;, in order to address the new challenges in terms of sustainability, social commitment and corporate governance. The conference, inaugurated by Eva Serrano, vice president of the Chamber of Commerce, Industry and Services&hellip;<\/p>\n","protected":false},"author":1,"featured_media":0,"comment_status":"closed","ping_status":"closed","sticky":false,"template":"","format":"standard","meta":{"inline_featured_image":false,"_monsterinsights_skip_tracking":false,"_monsterinsights_sitenote_active":false,"_monsterinsights_sitenote_note":"","_monsterinsights_sitenote_category":0,"_vp_format_video_url":"","_vp_image_focal_point":[],"footnotes":""},"categories":[14],"tags":[],"class_list":["post-8164","post","type-post","status-publish","format-standard","hentry","category-events"],"yoast_head":"<!-- This site is optimized with the Yoast SEO plugin v27.1.1 - https:\/\/yoast.com\/product\/yoast-seo-wordpress\/ -->\n<title>ZARZALEJOS PARTICIPATES IN THE &quot;BUSINESS FORUM SPANISH PRESIDENCY OF THE EU&quot; ORGANIZED BY THE MADRID CHAMBER OF COMMERCE - P\u00e1gina oficial de Javier zarzalejos<\/title>\n<meta name=\"robots\" content=\"index, follow, max-snippet:-1, max-image-preview:large, max-video-preview:-1\" \/>\n<link rel=\"canonical\" href=\"https:\/\/javierzarzalejos.eu\/en\/2022\/11\/14\/zarzalejos-participates-in-the-business-forum-spanish-presidency-of-the-eu-organized-by-the-madrid-chamber-of-commerce\/\" \/>\n<meta property=\"og:locale\" content=\"en_US\" \/>\n<meta property=\"og:type\" content=\"article\" \/>\n<meta property=\"og:title\" content=\"ZARZALEJOS PARTICIPATES IN THE &quot;BUSINESS FORUM SPANISH PRESIDENCY OF THE EU&quot; ORGANIZED BY THE MADRID CHAMBER OF COMMERCE - P\u00e1gina oficial de Javier zarzalejos\" \/>\n<meta property=\"og:description\" content=\"On November 14, the Chamber of Commerce, Industry and Services of Madrid organized the &#8220;Business Forum of the Spanish Presidency of the EU&#8221;, in order to address the new challenges in terms of sustainability, social commitment and corporate governance. The conference, inaugurated by Eva Serrano, vice president of the Chamber of Commerce, Industry and Services&hellip;\" \/>\n<meta property=\"og:url\" content=\"https:\/\/javierzarzalejos.eu\/en\/2022\/11\/14\/zarzalejos-participates-in-the-business-forum-spanish-presidency-of-the-eu-organized-by-the-madrid-chamber-of-commerce\/\" \/>\n<meta property=\"og:site_name\" content=\"P\u00e1gina oficial de Javier zarzalejos\" \/>\n<meta property=\"article:published_time\" content=\"2022-11-14T16:01:17+00:00\" \/>\n<meta property=\"article:modified_time\" content=\"2022-12-15T16:02:21+00:00\" \/>\n<meta property=\"og:image\" content=\"https:\/\/javierzarzalejos.eu\/wp-content\/uploads\/2022\/12\/FORO-EMPRESARIAL-PRESIDENCIA-ESPANOLA-DE-LA-UE-ORGANIZADO-POR-LA-CAMARA-DE-COMERCIO-DE-MADRID-1.jpg\" \/>\n<meta name=\"author\" content=\"Best Marketing\" \/>\n<meta name=\"twitter:card\" content=\"summary_large_image\" \/>\n<meta name=\"twitter:label1\" content=\"Written by\" \/>\n\t<meta name=\"twitter:data1\" content=\"Best Marketing\" \/>\n\t<meta name=\"twitter:label2\" content=\"Est. reading time\" \/>\n\t<meta name=\"twitter:data2\" content=\"2 minutes\" \/>\n<script type=\"application\/ld+json\" class=\"yoast-schema-graph\">{\"@context\":\"https:\/\/schema.org\",\"@graph\":[{\"@type\":\"Article\",\"@id\":\"https:\/\/javierzarzalejos.eu\/en\/2022\/11\/14\/zarzalejos-participates-in-the-business-forum-spanish-presidency-of-the-eu-organized-by-the-madrid-chamber-of-commerce\/#article\",\"isPartOf\":{\"@id\":\"https:\/\/javierzarzalejos.eu\/en\/2022\/11\/14\/zarzalejos-participates-in-the-business-forum-spanish-presidency-of-the-eu-organized-by-the-madrid-chamber-of-commerce\/\"},\"author\":{\"name\":\"Best Marketing\",\"@id\":\"https:\/\/javierzarzalejos.eu\/#\/schema\/person\/13ce5858bfa202c31d5c5e1e24ad9cb8\"},\"headline\":\"ZARZALEJOS PARTICIPATES IN THE &#8220;BUSINESS FORUM SPANISH PRESIDENCY OF THE EU&#8221; ORGANIZED BY THE MADRID CHAMBER OF COMMERCE\",\"datePublished\":\"2022-11-14T16:01:17+00:00\",\"dateModified\":\"2022-12-15T16:02:21+00:00\",\"mainEntityOfPage\":{\"@id\":\"https:\/\/javierzarzalejos.eu\/en\/2022\/11\/14\/zarzalejos-participates-in-the-business-forum-spanish-presidency-of-the-eu-organized-by-the-madrid-chamber-of-commerce\/\"},\"wordCount\":208,\"image\":{\"@id\":\"https:\/\/javierzarzalejos.eu\/en\/2022\/11\/14\/zarzalejos-participates-in-the-business-forum-spanish-presidency-of-the-eu-organized-by-the-madrid-chamber-of-commerce\/#primaryimage\"},\"thumbnailUrl\":\"https:\/\/javierzarzalejos.eu\/wp-content\/uploads\/2022\/12\/FORO-EMPRESARIAL-PRESIDENCIA-ESPANOLA-DE-LA-UE-ORGANIZADO-POR-LA-CAMARA-DE-COMERCIO-DE-MADRID-1.jpg\",\"articleSection\":[\"Events\"],\"inLanguage\":\"en-US\"},{\"@type\":\"WebPage\",\"@id\":\"https:\/\/javierzarzalejos.eu\/en\/2022\/11\/14\/zarzalejos-participates-in-the-business-forum-spanish-presidency-of-the-eu-organized-by-the-madrid-chamber-of-commerce\/\",\"url\":\"https:\/\/javierzarzalejos.eu\/en\/2022\/11\/14\/zarzalejos-participates-in-the-business-forum-spanish-presidency-of-the-eu-organized-by-the-madrid-chamber-of-commerce\/\",\"name\":\"ZARZALEJOS PARTICIPATES IN THE \\\"BUSINESS FORUM SPANISH PRESIDENCY OF THE EU\\\" ORGANIZED BY THE MADRID CHAMBER OF COMMERCE - P\u00e1gina oficial de Javier zarzalejos\",\"isPartOf\":{\"@id\":\"https:\/\/javierzarzalejos.eu\/#website\"},\"primaryImageOfPage\":{\"@id\":\"https:\/\/javierzarzalejos.eu\/en\/2022\/11\/14\/zarzalejos-participates-in-the-business-forum-spanish-presidency-of-the-eu-organized-by-the-madrid-chamber-of-commerce\/#primaryimage\"},\"image\":{\"@id\":\"https:\/\/javierzarzalejos.eu\/en\/2022\/11\/14\/zarzalejos-participates-in-the-business-forum-spanish-presidency-of-the-eu-organized-by-the-madrid-chamber-of-commerce\/#primaryimage\"},\"thumbnailUrl\":\"https:\/\/javierzarzalejos.eu\/wp-content\/uploads\/2022\/12\/FORO-EMPRESARIAL-PRESIDENCIA-ESPANOLA-DE-LA-UE-ORGANIZADO-POR-LA-CAMARA-DE-COMERCIO-DE-MADRID-1.jpg\",\"datePublished\":\"2022-11-14T16:01:17+00:00\",\"dateModified\":\"2022-12-15T16:02:21+00:00\",\"author\":{\"@id\":\"https:\/\/javierzarzalejos.eu\/#\/schema\/person\/13ce5858bfa202c31d5c5e1e24ad9cb8\"},\"breadcrumb\":{\"@id\":\"https:\/\/javierzarzalejos.eu\/en\/2022\/11\/14\/zarzalejos-participates-in-the-business-forum-spanish-presidency-of-the-eu-organized-by-the-madrid-chamber-of-commerce\/#breadcrumb\"},\"inLanguage\":\"en-US\",\"potentialAction\":[{\"@type\":\"ReadAction\",\"target\":[\"https:\/\/javierzarzalejos.eu\/en\/2022\/11\/14\/zarzalejos-participates-in-the-business-forum-spanish-presidency-of-the-eu-organized-by-the-madrid-chamber-of-commerce\/\"]}]},{\"@type\":\"ImageObject\",\"inLanguage\":\"en-US\",\"@id\":\"https:\/\/javierzarzalejos.eu\/en\/2022\/11\/14\/zarzalejos-participates-in-the-business-forum-spanish-presidency-of-the-eu-organized-by-the-madrid-chamber-of-commerce\/#primaryimage\",\"url\":\"https:\/\/javierzarzalejos.eu\/wp-content\/uploads\/2022\/12\/FORO-EMPRESARIAL-PRESIDENCIA-ESPANOLA-DE-LA-UE-ORGANIZADO-POR-LA-CAMARA-DE-COMERCIO-DE-MADRID-1.jpg\",\"contentUrl\":\"https:\/\/javierzarzalejos.eu\/wp-content\/uploads\/2022\/12\/FORO-EMPRESARIAL-PRESIDENCIA-ESPANOLA-DE-LA-UE-ORGANIZADO-POR-LA-CAMARA-DE-COMERCIO-DE-MADRID-1.jpg\"},{\"@type\":\"BreadcrumbList\",\"@id\":\"https:\/\/javierzarzalejos.eu\/en\/2022\/11\/14\/zarzalejos-participates-in-the-business-forum-spanish-presidency-of-the-eu-organized-by-the-madrid-chamber-of-commerce\/#breadcrumb\",\"itemListElement\":[{\"@type\":\"ListItem\",\"position\":1,\"name\":\"Portada\",\"item\":\"https:\/\/javierzarzalejos.eu\/en\/\"},{\"@type\":\"ListItem\",\"position\":2,\"name\":\"ZARZALEJOS PARTICIPATES IN THE \u00abBUSINESS FORUM SPANISH PRESIDENCY OF THE EU\u00bb ORGANIZED BY THE MADRID CHAMBER OF COMMERCE\"}]},{\"@type\":\"WebSite\",\"@id\":\"https:\/\/javierzarzalejos.eu\/#website\",\"url\":\"https:\/\/javierzarzalejos.eu\/\",\"name\":\"P\u00e1gina oficial de Javier zarzalejos\",\"description\":\"P\u00e1gina oficial de Javier zarzalejos\",\"potentialAction\":[{\"@type\":\"SearchAction\",\"target\":{\"@type\":\"EntryPoint\",\"urlTemplate\":\"https:\/\/javierzarzalejos.eu\/?s={search_term_string}\"},\"query-input\":{\"@type\":\"PropertyValueSpecification\",\"valueRequired\":true,\"valueName\":\"search_term_string\"}}],\"inLanguage\":\"en-US\"},{\"@type\":\"Person\",\"@id\":\"https:\/\/javierzarzalejos.eu\/#\/schema\/person\/13ce5858bfa202c31d5c5e1e24ad9cb8\",\"name\":\"Best Marketing\",\"image\":{\"@type\":\"ImageObject\",\"inLanguage\":\"en-US\",\"@id\":\"https:\/\/javierzarzalejos.eu\/#\/schema\/person\/image\/\",\"url\":\"https:\/\/secure.gravatar.com\/avatar\/4b7f547520df08035ae60cfd8080cfcc71993ce08ded20c052bd207638c66171?s=96&d=mm&r=g\",\"contentUrl\":\"https:\/\/secure.gravatar.com\/avatar\/4b7f547520df08035ae60cfd8080cfcc71993ce08ded20c052bd207638c66171?s=96&d=mm&r=g\",\"caption\":\"Best Marketing\"},\"url\":\"https:\/\/javierzarzalejos.eu\/en\/author\/best-marketing-user\/\"}]}<\/script>\n<!-- \/ Yoast SEO plugin. -->","yoast_head_json":{"title":"ZARZALEJOS PARTICIPATES IN THE \"BUSINESS FORUM SPANISH PRESIDENCY OF THE EU\" ORGANIZED BY THE MADRID CHAMBER OF COMMERCE - P\u00e1gina oficial de Javier zarzalejos","robots":{"index":"index","follow":"follow","max-snippet":"max-snippet:-1","max-image-preview":"max-image-preview:large","max-video-preview":"max-video-preview:-1"},"canonical":"https:\/\/javierzarzalejos.eu\/en\/2022\/11\/14\/zarzalejos-participates-in-the-business-forum-spanish-presidency-of-the-eu-organized-by-the-madrid-chamber-of-commerce\/","og_locale":"en_US","og_type":"article","og_title":"ZARZALEJOS PARTICIPATES IN THE \"BUSINESS FORUM SPANISH PRESIDENCY OF THE EU\" ORGANIZED BY THE MADRID CHAMBER OF COMMERCE - P\u00e1gina oficial de Javier zarzalejos","og_description":"On November 14, the Chamber of Commerce, Industry and Services of Madrid organized the &#8220;Business Forum of the Spanish Presidency of the EU&#8221;, in order to address the new challenges in terms of sustainability, social commitment and corporate governance. The conference, inaugurated by Eva Serrano, vice president of the Chamber of Commerce, Industry and Services&hellip;","og_url":"https:\/\/javierzarzalejos.eu\/en\/2022\/11\/14\/zarzalejos-participates-in-the-business-forum-spanish-presidency-of-the-eu-organized-by-the-madrid-chamber-of-commerce\/","og_site_name":"P\u00e1gina oficial de Javier zarzalejos","article_published_time":"2022-11-14T16:01:17+00:00","article_modified_time":"2022-12-15T16:02:21+00:00","og_image":[{"url":"https:\/\/javierzarzalejos.eu\/wp-content\/uploads\/2022\/12\/FORO-EMPRESARIAL-PRESIDENCIA-ESPANOLA-DE-LA-UE-ORGANIZADO-POR-LA-CAMARA-DE-COMERCIO-DE-MADRID-1.jpg","type":"","width":"","height":""}],"author":"Best Marketing","twitter_card":"summary_large_image","twitter_misc":{"Written by":"Best Marketing","Est. reading time":"2 minutes"},"schema":{"@context":"https:\/\/schema.org","@graph":[{"@type":"Article","@id":"https:\/\/javierzarzalejos.eu\/en\/2022\/11\/14\/zarzalejos-participates-in-the-business-forum-spanish-presidency-of-the-eu-organized-by-the-madrid-chamber-of-commerce\/#article","isPartOf":{"@id":"https:\/\/javierzarzalejos.eu\/en\/2022\/11\/14\/zarzalejos-participates-in-the-business-forum-spanish-presidency-of-the-eu-organized-by-the-madrid-chamber-of-commerce\/"},"author":{"name":"Best Marketing","@id":"https:\/\/javierzarzalejos.eu\/#\/schema\/person\/13ce5858bfa202c31d5c5e1e24ad9cb8"},"headline":"ZARZALEJOS PARTICIPATES IN THE &#8220;BUSINESS FORUM SPANISH PRESIDENCY OF THE EU&#8221; ORGANIZED BY THE MADRID CHAMBER OF COMMERCE","datePublished":"2022-11-14T16:01:17+00:00","dateModified":"2022-12-15T16:02:21+00:00","mainEntityOfPage":{"@id":"https:\/\/javierzarzalejos.eu\/en\/2022\/11\/14\/zarzalejos-participates-in-the-business-forum-spanish-presidency-of-the-eu-organized-by-the-madrid-chamber-of-commerce\/"},"wordCount":208,"image":{"@id":"https:\/\/javierzarzalejos.eu\/en\/2022\/11\/14\/zarzalejos-participates-in-the-business-forum-spanish-presidency-of-the-eu-organized-by-the-madrid-chamber-of-commerce\/#primaryimage"},"thumbnailUrl":"https:\/\/javierzarzalejos.eu\/wp-content\/uploads\/2022\/12\/FORO-EMPRESARIAL-PRESIDENCIA-ESPANOLA-DE-LA-UE-ORGANIZADO-POR-LA-CAMARA-DE-COMERCIO-DE-MADRID-1.jpg","articleSection":["Events"],"inLanguage":"en-US"},{"@type":"WebPage","@id":"https:\/\/javierzarzalejos.eu\/en\/2022\/11\/14\/zarzalejos-participates-in-the-business-forum-spanish-presidency-of-the-eu-organized-by-the-madrid-chamber-of-commerce\/","url":"https:\/\/javierzarzalejos.eu\/en\/2022\/11\/14\/zarzalejos-participates-in-the-business-forum-spanish-presidency-of-the-eu-organized-by-the-madrid-chamber-of-commerce\/","name":"ZARZALEJOS PARTICIPATES IN THE \"BUSINESS FORUM SPANISH PRESIDENCY OF THE EU\" ORGANIZED BY THE MADRID CHAMBER OF COMMERCE - P\u00e1gina oficial de Javier zarzalejos","isPartOf":{"@id":"https:\/\/javierzarzalejos.eu\/#website"},"primaryImageOfPage":{"@id":"https:\/\/javierzarzalejos.eu\/en\/2022\/11\/14\/zarzalejos-participates-in-the-business-forum-spanish-presidency-of-the-eu-organized-by-the-madrid-chamber-of-commerce\/#primaryimage"},"image":{"@id":"https:\/\/javierzarzalejos.eu\/en\/2022\/11\/14\/zarzalejos-participates-in-the-business-forum-spanish-presidency-of-the-eu-organized-by-the-madrid-chamber-of-commerce\/#primaryimage"},"thumbnailUrl":"https:\/\/javierzarzalejos.eu\/wp-content\/uploads\/2022\/12\/FORO-EMPRESARIAL-PRESIDENCIA-ESPANOLA-DE-LA-UE-ORGANIZADO-POR-LA-CAMARA-DE-COMERCIO-DE-MADRID-1.jpg","datePublished":"2022-11-14T16:01:17+00:00","dateModified":"2022-12-15T16:02:21+00:00","author":{"@id":"https:\/\/javierzarzalejos.eu\/#\/schema\/person\/13ce5858bfa202c31d5c5e1e24ad9cb8"},"breadcrumb":{"@id":"https:\/\/javierzarzalejos.eu\/en\/2022\/11\/14\/zarzalejos-participates-in-the-business-forum-spanish-presidency-of-the-eu-organized-by-the-madrid-chamber-of-commerce\/#breadcrumb"},"inLanguage":"en-US","potentialAction":[{"@type":"ReadAction","target":["https:\/\/javierzarzalejos.eu\/en\/2022\/11\/14\/zarzalejos-participates-in-the-business-forum-spanish-presidency-of-the-eu-organized-by-the-madrid-chamber-of-commerce\/"]}]},{"@type":"ImageObject","inLanguage":"en-US","@id":"https:\/\/javierzarzalejos.eu\/en\/2022\/11\/14\/zarzalejos-participates-in-the-business-forum-spanish-presidency-of-the-eu-organized-by-the-madrid-chamber-of-commerce\/#primaryimage","url":"https:\/\/javierzarzalejos.eu\/wp-content\/uploads\/2022\/12\/FORO-EMPRESARIAL-PRESIDENCIA-ESPANOLA-DE-LA-UE-ORGANIZADO-POR-LA-CAMARA-DE-COMERCIO-DE-MADRID-1.jpg","contentUrl":"https:\/\/javierzarzalejos.eu\/wp-content\/uploads\/2022\/12\/FORO-EMPRESARIAL-PRESIDENCIA-ESPANOLA-DE-LA-UE-ORGANIZADO-POR-LA-CAMARA-DE-COMERCIO-DE-MADRID-1.jpg"},{"@type":"BreadcrumbList","@id":"https:\/\/javierzarzalejos.eu\/en\/2022\/11\/14\/zarzalejos-participates-in-the-business-forum-spanish-presidency-of-the-eu-organized-by-the-madrid-chamber-of-commerce\/#breadcrumb","itemListElement":[{"@type":"ListItem","position":1,"name":"Portada","item":"https:\/\/javierzarzalejos.eu\/en\/"},{"@type":"ListItem","position":2,"name":"ZARZALEJOS PARTICIPATES IN THE \u00abBUSINESS FORUM SPANISH PRESIDENCY OF THE EU\u00bb ORGANIZED BY THE MADRID CHAMBER OF COMMERCE"}]},{"@type":"WebSite","@id":"https:\/\/javierzarzalejos.eu\/#website","url":"https:\/\/javierzarzalejos.eu\/","name":"P\u00e1gina oficial de Javier zarzalejos","description":"P\u00e1gina oficial de Javier zarzalejos","potentialAction":[{"@type":"SearchAction","target":{"@type":"EntryPoint","urlTemplate":"https:\/\/javierzarzalejos.eu\/?s={search_term_string}"},"query-input":{"@type":"PropertyValueSpecification","valueRequired":true,"valueName":"search_term_string"}}],"inLanguage":"en-US"},{"@type":"Person","@id":"https:\/\/javierzarzalejos.eu\/#\/schema\/person\/13ce5858bfa202c31d5c5e1e24ad9cb8","name":"Best Marketing","image":{"@type":"ImageObject","inLanguage":"en-US","@id":"https:\/\/javierzarzalejos.eu\/#\/schema\/person\/image\/","url":"https:\/\/secure.gravatar.com\/avatar\/4b7f547520df08035ae60cfd8080cfcc71993ce08ded20c052bd207638c66171?s=96&d=mm&r=g","contentUrl":"https:\/\/secure.gravatar.com\/avatar\/4b7f547520df08035ae60cfd8080cfcc71993ce08ded20c052bd207638c66171?s=96&d=mm&r=g","caption":"Best Marketing"},"url":"https:\/\/javierzarzalejos.eu\/en\/author\/best-marketing-user\/"}]}},"_links":{"self":[{"href":"https:\/\/javierzarzalejos.eu\/en\/wp-json\/wp\/v2\/posts\/8164","targetHints":{"allow":["GET"]}}],"collection":[{"href":"https:\/\/javierzarzalejos.eu\/en\/wp-json\/wp\/v2\/posts"}],"about":[{"href":"https:\/\/javierzarzalejos.eu\/en\/wp-json\/wp\/v2\/types\/post"}],"author":[{"embeddable":true,"href":"https:\/\/javierzarzalejos.eu\/en\/wp-json\/wp\/v2\/users\/1"}],"replies":[{"embeddable":true,"href":"https:\/\/javierzarzalejos.eu\/en\/wp-json\/wp\/v2\/comments?post=8164"}],"version-history":[{"count":1,"href":"https:\/\/javierzarzalejos.eu\/en\/wp-json\/wp\/v2\/posts\/8164\/revisions"}],"predecessor-version":[{"id":8165,"href":"https:\/\/javierzarzalejos.eu\/en\/wp-json\/wp\/v2\/posts\/8164\/revisions\/8165"}],"wp:attachment":[{"href":"https:\/\/javierzarzalejos.eu\/en\/wp-json\/wp\/v2\/media?parent=8164"}],"wp:term":[{"taxonomy":"category","embeddable":true,"href":"https:\/\/javierzarzalejos.eu\/en\/wp-json\/wp\/v2\/categories?post=8164"},{"taxonomy":"post_tag","embeddable":true,"href":"https:\/\/javierzarzalejos.eu\/en\/wp-json\/wp\/v2\/tags?post=8164"}],"curies":[{"name":"wp","href":"https:\/\/api.w.org\/{rel}","templated":true}]}}